{"id":46668,"date":"2023-06-26T20:45:55","date_gmt":"2023-06-26T20:45:55","guid":{"rendered":"https:\/\/new.mediagroup.mx\/index.php\/2023\/06\/26\/sindicato-de-trabajadores-del-poder-legislativo-se-manifiesta-en-apoyo-a-companeros-despedidos\/"},"modified":"2023-06-26T20:45:55","modified_gmt":"2023-06-26T20:45:55","slug":"sindicato-de-trabajadores-del-poder-legislativo-se-manifiesta-en-apoyo-a-companeros-despedidos","status":"publish","type":"post","link":"https:\/\/mediagroup.mx\/index.php\/2023\/06\/26\/sindicato-de-trabajadores-del-poder-legislativo-se-manifiesta-en-apoyo-a-companeros-despedidos\/","title":{"rendered":"Sindicato de Trabajadores del Poder Legislativo se manifiesta en apoyo a compa\u00f1eros despedidos"},"content":{"rendered":"<p>Adem\u00e1s de la manifestaci\u00f3n por parte de periodistas, la ma\u00f1ana de este jueves, miembros del Sindicato de Trabajadores al Servicio del Poder Legislativo del Estado de Michoac\u00e1n se manifestaron en las instalaciones del Palacio Legislativo previo a la sesi\u00f3n ordinaria que se realizar\u00eda este d\u00eda, esto en apoyo de sus 46 compa\u00f1eros despedidos de manera injustificada desde el mes de febrero.<\/p>\n<p>Los manifestantes ataviados en playeras blancas mostraron su apoyo en favor de estos 46 trabajadores que fueron despedidos desde la Junta de Coordinaci\u00f3n Pol\u00edtica (JUCOPO) bajo el argumento de que solo eran \u201ctrabajadores de confianza\u201d, sin contar el tiempo anterior a esta legislatura en que laboraron.<\/p>\n<p>Ante esta manifestaci\u00f3n, el diputado Juan Carlos Barrag\u00e1n V\u00e9lez exigi\u00f3 que se incluyera en la orden del d\u00eda, la propuesta de acuerdo con car\u00e1cter de obvia y urgente resoluci\u00f3n para la reinstalaci\u00f3n de los 46 trabajadores.<\/p>\n<p>Sin embargo, la sesi\u00f3n fue suspendida bajo por razones de seguridad, ante lo cual los sindicalizados tomaron la decisi\u00f3n de cerrar las puertas del Congreso Estatal hasta que se diera una respuesta favorable a sus compa\u00f1eros, por lo que se realiz\u00f3 una reuni\u00f3n con los trabajadores y diputados del Comit\u00e9 de Administraci\u00f3n y Control, as\u00ed como la presidenta de la Mesa Directiva del Congreso de Michoac\u00e1n, Julieta Garc\u00eda Zepeda, tras lo que se logr\u00f3 la restituci\u00f3n en sus funciones a los 46 trabajadores.<\/p>\n<p>Por: Jes\u00fas Gonz\u00e1lez<\/p>\n","protected":false},"excerpt":{"rendered":"<p>Adem\u00e1s de la manifestaci\u00f3n por parte de periodistas, la ma\u00f1ana de este jueves, miembros del Sindicato de Trabajadores al Servicio del Poder Legislativo del Estado de Michoac\u00e1n se manifestaron en las instalaciones del Palacio Legislativo previo a la sesi\u00f3n ordinaria que se realizar\u00eda este d\u00eda, esto en apoyo de sus 46 compa\u00f1eros despedidos de manera [&hellip;]<\/p>\n","protected":false},"author":1,"featured_media":46669,"comment_status":"open","ping_status":"open","sticky":false,"template":"","format":"standard","meta":{"om_disable_all_campaigns":false,"_monsterinsights_skip_tracking":false,"_monsterinsights_sitenote_active":false,"_monsterinsights_sitenote_note":"","_monsterinsights_sitenote_category":0,"_uf_show_specific_survey":0,"_uf_disable_surveys":false,"_jetpack_memberships_contains_paid_content":false,"footnotes":"","jetpack_publicize_message":"","jetpack_publicize_feature_enabled":true,"jetpack_social_post_already_shared":false,"jetpack_social_options":{"image_generator_settings":{"template":"highway","default_image_id":0,"enabled":false},"version":2}},"categories":[15],"tags":[],"class_list":{"0":"post-46668","1":"post","2":"type-post","3":"status-publish","4":"format-standard","5":"has-post-thumbnail","7":"category-michoacan"},"aioseo_notices":[],"jetpack_publicize_connections":[],"jetpack_featured_media_url":"https:\/\/mediagroup.mx\/wp-content\/uploads\/2023\/06\/169F5A84-702F-461D-BCC9-48B4C6B4A830.jpeg","jetpack_sharing_enabled":true,"_links":{"self":[{"href":"https:\/\/mediagroup.mx\/index.php\/wp-json\/wp\/v2\/posts\/46668","targetHints":{"allow":["GET"]}}],"collection":[{"href":"https:\/\/mediagroup.mx\/index.php\/wp-json\/wp\/v2\/posts"}],"about":[{"href":"https:\/\/mediagroup.mx\/index.php\/wp-json\/wp\/v2\/types\/post"}],"author":[{"embeddable":true,"href":"https:\/\/mediagroup.mx\/index.php\/wp-json\/wp\/v2\/users\/1"}],"replies":[{"embeddable":true,"href":"https:\/\/mediagroup.mx\/index.php\/wp-json\/wp\/v2\/comments?post=46668"}],"version-history":[{"count":0,"href":"https:\/\/mediagroup.mx\/index.php\/wp-json\/wp\/v2\/posts\/46668\/revisions"}],"wp:featuredmedia":[{"embeddable":true,"href":"https:\/\/mediagroup.mx\/index.php\/wp-json\/wp\/v2\/media\/46669"}],"wp:attachment":[{"href":"https:\/\/mediagroup.mx\/index.php\/wp-json\/wp\/v2\/media?parent=46668"}],"wp:term":[{"taxonomy":"category","embeddable":true,"href":"https:\/\/mediagroup.mx\/index.php\/wp-json\/wp\/v2\/categories?post=46668"},{"taxonomy":"post_tag","embeddable":true,"href":"https:\/\/mediagroup.mx\/index.php\/wp-json\/wp\/v2\/tags?post=46668"}],"curies":[{"name":"wp","href":"https:\/\/api.w.org\/{rel}","templated":true}]}}