{"id":46672,"date":"2023-06-26T20:45:55","date_gmt":"2023-06-26T20:45:55","guid":{"rendered":"https:\/\/new.mediagroup.mx\/index.php\/2023\/06\/26\/se-suicida-ex-rector-de-la-udeg-raul-padilla-lopez\/"},"modified":"2023-06-26T20:45:55","modified_gmt":"2023-06-26T20:45:55","slug":"se-suicida-ex-rector-de-la-udeg-raul-padilla-lopez","status":"publish","type":"post","link":"https:\/\/mediagroup.mx\/index.php\/2023\/06\/26\/se-suicida-ex-rector-de-la-udeg-raul-padilla-lopez\/","title":{"rendered":"Se suicida ex rector de la UdeG, Ra\u00fal Padilla L\u00f3pez"},"content":{"rendered":"<div>\n<p>El exrector de la Universidad de Guadalajara (UdeG), Ra\u00fal Padilla L\u00f3pez, se quit\u00f3 la vida la ma\u00f1ana de este domingo en su domicilio particular.<\/p>\n<\/div>\n<div>\n<p>Los hechos fueron confirmados por la <b>Fiscal\u00eda del Estado de Jalisco<\/b>, as\u00ed como por el gobernador del estado, <b>Enrique Alfaro<\/b>.<\/p>\n<\/div>\n<div>\n<p>A trav\u00e9s de una tarjeta informativa, la Fiscal\u00eda estatal inform\u00f3 que el cuerpo sin vida fue localizado en la colonia Vallarta Poniente, en el municipio de <strong>Guadalajara<\/strong>, la ma\u00f1ana de hoy.<\/p>\n<\/div>\n<div>\n<p>Tras la noticia, las unidades de seguridad arribaron al sitio, as\u00ed como param\u00e9dicos municipales quienes confirmaron el hecho.<\/p>\n<\/div>\n<div>\n<p>\u201cDe forma preliminar fue localizada en la escena un <strong>arma de fuego<\/strong>, as\u00ed como un recado p\u00f3stumo; indicios los cuales se integrar\u00e1n a la carpeta\u201d, report\u00f3 la Fiscal\u00eda.<\/p>\n<\/div>\n<div>\n<div id=\"div-gpt-ad-ddnotamexicoZA_box_b\" data-google-query-id=\"CNr_q8r1jf4CFe3qKAUdFnkNWQ\">\n<div id=\"google_ads_iframe_\/21624040141\/ddnotamexicoZA_box_b_0__container__\">\u201cTuve comunicaci\u00f3n con su hermano Trinidad y con el rector de la Universidad para expresarles mis condolencias a la familia y a la instituci\u00f3n. DEP\u201d, escribi\u00f3 el gobernador a trav\u00e9s de su cuenta de Twitter.<\/div>\n<\/div>\n<\/div>\n<div>\n<p>El Centro de Estudios Estrat\u00e9gicos de la la <strong>Universidad de Guadalajara<\/strong> public\u00f3 una esquela en la que lamentaba la muerte del ex rector y presidente de la <strong>Feria Internacional del Libro de Guadalajara<\/strong>, pidiendo \u201crespeto y sensibilidad en estos momentos tan dif\u00edciles para sus seres queridos\u201d.<\/p>\n<\/div>\n<p>Con informaci\u00f3n de: Aristegui Noticias<\/p>\n","protected":false},"excerpt":{"rendered":"<p>El exrector de la Universidad de Guadalajara (UdeG), Ra\u00fal Padilla L\u00f3pez, se quit\u00f3 la vida la ma\u00f1ana de este domingo en su domicilio particular. Los hechos fueron confirmados por la Fiscal\u00eda del Estado de Jalisco, as\u00ed como por el gobernador del estado, Enrique Alfaro. A trav\u00e9s de una tarjeta informativa, la Fiscal\u00eda estatal inform\u00f3 que [&hellip;]<\/p>\n","protected":false},"author":1,"featured_media":46673,"comment_status":"open","ping_status":"open","sticky":false,"template":"","format":"standard","meta":{"om_disable_all_campaigns":false,"_monsterinsights_skip_tracking":false,"_monsterinsights_sitenote_active":false,"_monsterinsights_sitenote_note":"","_monsterinsights_sitenote_category":0,"_uf_show_specific_survey":0,"_uf_disable_surveys":false,"_jetpack_memberships_contains_paid_content":false,"footnotes":"","jetpack_publicize_message":"","jetpack_publicize_feature_enabled":true,"jetpack_social_post_already_shared":false,"jetpack_social_options":{"image_generator_settings":{"template":"highway","default_image_id":0,"enabled":false},"version":2}},"categories":[22],"tags":[],"class_list":{"0":"post-46672","1":"post","2":"type-post","3":"status-publish","4":"format-standard","5":"has-post-thumbnail","7":"category-educacion"},"aioseo_notices":[],"jetpack_publicize_connections":[],"jetpack_featured_media_url":"https:\/\/mediagroup.mx\/wp-content\/uploads\/2023\/06\/639E1E59-EEF4-4AF5-9BC5-3BF5E260F52D.jpeg","jetpack_sharing_enabled":true,"_links":{"self":[{"href":"https:\/\/mediagroup.mx\/index.php\/wp-json\/wp\/v2\/posts\/46672","targetHints":{"allow":["GET"]}}],"collection":[{"href":"https:\/\/mediagroup.mx\/index.php\/wp-json\/wp\/v2\/posts"}],"about":[{"href":"https:\/\/mediagroup.mx\/index.php\/wp-json\/wp\/v2\/types\/post"}],"author":[{"embeddable":true,"href":"https:\/\/mediagroup.mx\/index.php\/wp-json\/wp\/v2\/users\/1"}],"replies":[{"embeddable":true,"href":"https:\/\/mediagroup.mx\/index.php\/wp-json\/wp\/v2\/comments?post=46672"}],"version-history":[{"count":0,"href":"https:\/\/mediagroup.mx\/index.php\/wp-json\/wp\/v2\/posts\/46672\/revisions"}],"wp:featuredmedia":[{"embeddable":true,"href":"https:\/\/mediagroup.mx\/index.php\/wp-json\/wp\/v2\/media\/46673"}],"wp:attachment":[{"href":"https:\/\/mediagroup.mx\/index.php\/wp-json\/wp\/v2\/media?parent=46672"}],"wp:term":[{"taxonomy":"category","embeddable":true,"href":"https:\/\/mediagroup.mx\/index.php\/wp-json\/wp\/v2\/categories?post=46672"},{"taxonomy":"post_tag","embeddable":true,"href":"https:\/\/mediagroup.mx\/index.php\/wp-json\/wp\/v2\/tags?post=46672"}],"curies":[{"name":"wp","href":"https:\/\/api.w.org\/{rel}","templated":true}]}}