{"id":46678,"date":"2023-06-26T20:45:55","date_gmt":"2023-06-26T20:45:55","guid":{"rendered":"https:\/\/new.mediagroup.mx\/index.php\/2023\/06\/26\/recibe-congreso-iniciativa-de-nino-michoacano-en-pro-de-estudiantes-destacados\/"},"modified":"2023-06-26T20:45:55","modified_gmt":"2023-06-26T20:45:55","slug":"recibe-congreso-iniciativa-de-nino-michoacano-en-pro-de-estudiantes-destacados","status":"publish","type":"post","link":"https:\/\/mediagroup.mx\/index.php\/2023\/06\/26\/recibe-congreso-iniciativa-de-nino-michoacano-en-pro-de-estudiantes-destacados\/","title":{"rendered":"Recibe Congreso iniciativa de ni\u00f1o michoacano en pro de estudiantes destacados"},"content":{"rendered":"<p style=\"text-align: justify;\">El ni\u00f1o Axel Kadar Encinas Bola\u00f1os, entreg\u00f3 a la diputada Julieta Garc\u00eda Zepeda, presidenta de la Mesa Directiva del Congreso del Estado, una propuesta de iniciativa de Ley, que instruya, como parte de la educaci\u00f3n especial, la ense\u00f1anza para personas con aptitudes sobresalientes; es decir, con altas capacidades intelectuales, creativas, socio-afectivas, art\u00edsticas y psicomotrices.<\/p>\n<p style=\"text-align: justify;\">Al respecto, la legisladora local destac\u00f3 el trabajo permanente de puertas abiertas que rige a la 75 Legislatura, por lo que ofreci\u00f3 que, a la brevedad, informar\u00e1 de esta iniciativa para que sea turnada a las comisiones correspondientes y se le d\u00e9 el tr\u00e1mite legislativo correspondiente.<\/p>\n<p style=\"text-align: justify;\">La diputada local, refiri\u00f3 que con esta iniciativa presentada por Axel Kadar, los ni\u00f1os con capacidades sobresalientes podr\u00e1n ser captados por grados superiores al nivel escolar al que pertenecen y con ello brindar mayor y mejor atenci\u00f3n a los estudiantes con aptitudes sobresalientes, incluyendo a las personas con discapacidad.<\/p>\n<p>\u201cCuando las instituciones de educaci\u00f3n b\u00e1sica, media superior y superior detecten casos de estudiantes con aptitudes sobresalientes, deber\u00e1n informar a las autoridades educativas responsables, con el fin de que sean atendidos\u201d, asever\u00f3.<\/p>\n<p style=\"text-align: justify;\">La presidenta del Poder Legislativo en la entidad, fue enf\u00e1tica al se\u00f1alar que las y los diputados de la 75 legislatura, est\u00e1n comprometidos con la pol\u00edtica de puertas abiertas y desde luego, la responsabilidad de generar leyes justas para promover el cumplimiento de los derechos de ni\u00f1os, ni\u00f1as y adolescentes en Michoac\u00e1n.<\/p>\n<p style=\"text-align: justify;\">Garc\u00eda Zepeda felicit\u00f3 a Axel Kadar por esta propuesta y se comprometi\u00f3 a que se le dar\u00e1 el tr\u00e1mite legislativo correspondiente para que a la brevedad sea votada en el Pleno del Congreso del Estado y a su vez, implementada en los centros educativos<\/p>\n<p style=\"text-align: justify;\">\u201cLa participaci\u00f3n infantil y juvenil en la toma de decisiones es en serio; debemos escucharlos, saber qu\u00e9 necesitan, cu\u00e1les son sus inquietudes y sus motivaciones, ah\u00ed es donde tenemos que concentrarnos\u201d, finaliz\u00f3.<\/p>\n","protected":false},"excerpt":{"rendered":"<p>El ni\u00f1o Axel Kadar Encinas Bola\u00f1os, entreg\u00f3 a la diputada Julieta Garc\u00eda Zepeda, presidenta de la Mesa Directiva del Congreso del Estado, una propuesta de iniciativa de Ley, que instruya, como parte de la educaci\u00f3n especial, la ense\u00f1anza para personas con aptitudes sobresalientes; es decir, con altas capacidades intelectuales, creativas, socio-afectivas, art\u00edsticas y psicomotrices. Al [&hellip;]<\/p>\n","protected":false},"author":1,"featured_media":0,"comment_status":"open","ping_status":"open","sticky":false,"template":"","format":"standard","meta":{"om_disable_all_campaigns":false,"_monsterinsights_skip_tracking":false,"_monsterinsights_sitenote_active":false,"_monsterinsights_sitenote_note":"","_monsterinsights_sitenote_category":0,"_uf_show_specific_survey":0,"_uf_disable_surveys":false,"_jetpack_memberships_contains_paid_content":false,"footnotes":"","jetpack_publicize_message":"","jetpack_publicize_feature_enabled":true,"jetpack_social_post_already_shared":false,"jetpack_social_options":{"image_generator_settings":{"template":"highway","default_image_id":0,"enabled":false},"version":2}},"categories":[15],"tags":[],"class_list":{"0":"post-46678","1":"post","2":"type-post","3":"status-publish","4":"format-standard","6":"category-michoacan"},"aioseo_notices":[],"jetpack_publicize_connections":[],"jetpack_featured_media_url":"","jetpack_sharing_enabled":true,"_links":{"self":[{"href":"https:\/\/mediagroup.mx\/index.php\/wp-json\/wp\/v2\/posts\/46678","targetHints":{"allow":["GET"]}}],"collection":[{"href":"https:\/\/mediagroup.mx\/index.php\/wp-json\/wp\/v2\/posts"}],"about":[{"href":"https:\/\/mediagroup.mx\/index.php\/wp-json\/wp\/v2\/types\/post"}],"author":[{"embeddable":true,"href":"https:\/\/mediagroup.mx\/index.php\/wp-json\/wp\/v2\/users\/1"}],"replies":[{"embeddable":true,"href":"https:\/\/mediagroup.mx\/index.php\/wp-json\/wp\/v2\/comments?post=46678"}],"version-history":[{"count":0,"href":"https:\/\/mediagroup.mx\/index.php\/wp-json\/wp\/v2\/posts\/46678\/revisions"}],"wp:attachment":[{"href":"https:\/\/mediagroup.mx\/index.php\/wp-json\/wp\/v2\/media?parent=46678"}],"wp:term":[{"taxonomy":"category","embeddable":true,"href":"https:\/\/mediagroup.mx\/index.php\/wp-json\/wp\/v2\/categories?post=46678"},{"taxonomy":"post_tag","embeddable":true,"href":"https:\/\/mediagroup.mx\/index.php\/wp-json\/wp\/v2\/tags?post=46678"}],"curies":[{"name":"wp","href":"https:\/\/api.w.org\/{rel}","templated":true}]}}