{"id":46681,"date":"2023-06-26T20:45:55","date_gmt":"2023-06-26T20:45:55","guid":{"rendered":"https:\/\/new.mediagroup.mx\/index.php\/2023\/06\/26\/llamado-urgente-de-legisladores-a-prevenir-danos-por-sequia-en-michoacan\/"},"modified":"2023-06-26T20:45:55","modified_gmt":"2023-06-26T20:45:55","slug":"llamado-urgente-de-legisladores-a-prevenir-danos-por-sequia-en-michoacan","status":"publish","type":"post","link":"https:\/\/mediagroup.mx\/index.php\/2023\/06\/26\/llamado-urgente-de-legisladores-a-prevenir-danos-por-sequia-en-michoacan\/","title":{"rendered":"Llamado urgente de legisladores a prevenir da\u00f1os por sequ\u00eda en Michoac\u00e1n"},"content":{"rendered":"<p style=\"text-align: justify;\">La 75 Legislatura de Michoac\u00e1n emiti\u00f3 un exhorto al Ejecutivo Federal y a la Comisi\u00f3n Estatal de Aguas y Gesti\u00f3n de Cuencas, para que se desplieguen acciones de prevenci\u00f3n y atenci\u00f3n de da\u00f1os provocados por la sequ\u00eda en el Estado.<\/p>\n<p style=\"text-align: justify;\">En Michoac\u00e1n, nueve municipios son afectados de manera extrema, 23 de manera severa, 74 de manera moderada y 7 de manera anormal, refiere el sustento de la propuesta.<\/p>\n<p style=\"text-align: justify;\">A propuesta de la diputada Julieta Hortencia Gallardo Mora, las y los legisladores michoacanos votaron a favor de exhortar al Titular del Poder Ejecutivo Federal para que emita la declaratoria de zona de restauraci\u00f3n de las regiones que padecen sequ\u00eda en el Estado.<\/p>\n<p style=\"text-align: justify;\">De igual forma, al Titular de la Comisi\u00f3n Estatal de Aguas y Gesti\u00f3n de Cuencas (CEAGC) del Poder Ejecutivo Estatal, para que atienda dicho fen\u00f3meno a corto, mediano y largo plazo, y se definan prop\u00f3sitos y objetivos del plan para la prevenci\u00f3n de la temporada de secas.<\/p>\n<p style=\"text-align: justify;\">Tambi\u00e9n, para que busque la participaci\u00f3n de los actores locales, elabore un inventario de recursos, as\u00ed como aquellos en riesgo; e integre una estructura organizacional con la participaci\u00f3n de las universidades.<\/p>\n<p style=\"text-align: justify;\">De acuerdo con el exhorto, tambi\u00e9n se le invita al titular del CEAGC para que el plan de acci\u00f3n sea publicado con la finalidad de obtener retroalimentaci\u00f3n colectiva; y que cuando se implemente, se midan sus resultados y, se concientice a la poblaci\u00f3n con programas de ahorro y cuidados.<\/p>\n<p style=\"text-align: justify;\">Ante el Pleno, se expuso que a nivel estatal se ha hecho muy poco para atender esta problem\u00e1tica. \u201cDe acuerdo al primer informe de gobierno de la actual administraci\u00f3n, la Secretar\u00eda de Agricultura y Desarrollo Rural, rehabilit\u00f3 90 bordos, ollas y presas para la captaci\u00f3n y almacenamiento de agua de lluvia con fines agropecuarios, con la finalidad de satisfacer los requerimientos del vital l\u00edquido en \u00e9pocas de sequ\u00eda; donde se aplicaron mil 918 horas de maquinaria pesada, beneficiando a 285 personas productoras dedicadas a actividades agropecuarias de Ario, Coalcom\u00e1n, Jim\u00e9nez, Lagunillas, Morelia, Sahuayo, Tiquicheo y Zit\u00e1cuaro\u201d.<\/p>\n<p style=\"text-align: justify;\">Adem\u00e1s se plante\u00f3 que a nivel federal, el cuidado de los mantos fre\u00e1ticos y los bosques no cuenta con programas que atiendan la problem\u00e1tica, dado que en el a\u00f1o 2018, en la CONAFOR, fue suspendido el programa mediante el cual los cuidadores y defensores de los bosques, del agua y ox\u00edgeno obten\u00edan los recursos necesarios para llevar a cabo esa labor.<\/p>\n<p style=\"text-align: justify;\">Finalmente, se estableci\u00f3 que el fen\u00f3meno del calentamiento global y el cambio clim\u00e1tico nos ha puesto en una situaci\u00f3n de emergencia en la que el agua es ya un asunto geopol\u00edtico central a nivel mundial.<\/p>\n<p style=\"text-align: justify;\">\u201cEn el pa\u00eds se siguen depredando nuestros bosques. Ante la falta de programas, queda la opci\u00f3n de declarar zonas de restauraci\u00f3n, con el prop\u00f3sito de que se lleven a cabo las acciones necesarias para la recuperaci\u00f3n y restablecimiento de las condiciones que propicien la evoluci\u00f3n y continuidad de los procesos naturales que en ella se desarrollaban\u201d.<\/p>\n","protected":false},"excerpt":{"rendered":"<p>La 75 Legislatura de Michoac\u00e1n emiti\u00f3 un exhorto al Ejecutivo Federal y a la Comisi\u00f3n Estatal de Aguas y Gesti\u00f3n de Cuencas, para que se desplieguen acciones de prevenci\u00f3n y atenci\u00f3n de da\u00f1os provocados por la sequ\u00eda en el Estado. En Michoac\u00e1n, nueve municipios son afectados de manera extrema, 23 de manera severa, 74 de [&hellip;]<\/p>\n","protected":false},"author":1,"featured_media":46682,"comment_status":"open","ping_status":"open","sticky":false,"template":"","format":"standard","meta":{"om_disable_all_campaigns":false,"_monsterinsights_skip_tracking":false,"_monsterinsights_sitenote_active":false,"_monsterinsights_sitenote_note":"","_monsterinsights_sitenote_category":0,"_uf_show_specific_survey":0,"_uf_disable_surveys":false,"_jetpack_memberships_contains_paid_content":false,"footnotes":"","jetpack_publicize_message":"","jetpack_publicize_feature_enabled":true,"jetpack_social_post_already_shared":false,"jetpack_social_options":{"image_generator_settings":{"template":"highway","default_image_id":0,"enabled":false},"version":2}},"categories":[15],"tags":[],"class_list":{"0":"post-46681","1":"post","2":"type-post","3":"status-publish","4":"format-standard","5":"has-post-thumbnail","7":"category-michoacan"},"aioseo_notices":[],"jetpack_publicize_connections":[],"jetpack_featured_media_url":"https:\/\/mediagroup.mx\/wp-content\/uploads\/2023\/06\/WhatsApp-Image-2023-03-24-at-11.25.01-AM.jpeg","jetpack_sharing_enabled":true,"_links":{"self":[{"href":"https:\/\/mediagroup.mx\/index.php\/wp-json\/wp\/v2\/posts\/46681","targetHints":{"allow":["GET"]}}],"collection":[{"href":"https:\/\/mediagroup.mx\/index.php\/wp-json\/wp\/v2\/posts"}],"about":[{"href":"https:\/\/mediagroup.mx\/index.php\/wp-json\/wp\/v2\/types\/post"}],"author":[{"embeddable":true,"href":"https:\/\/mediagroup.mx\/index.php\/wp-json\/wp\/v2\/users\/1"}],"replies":[{"embeddable":true,"href":"https:\/\/mediagroup.mx\/index.php\/wp-json\/wp\/v2\/comments?post=46681"}],"version-history":[{"count":0,"href":"https:\/\/mediagroup.mx\/index.php\/wp-json\/wp\/v2\/posts\/46681\/revisions"}],"wp:featuredmedia":[{"embeddable":true,"href":"https:\/\/mediagroup.mx\/index.php\/wp-json\/wp\/v2\/media\/46682"}],"wp:attachment":[{"href":"https:\/\/mediagroup.mx\/index.php\/wp-json\/wp\/v2\/media?parent=46681"}],"wp:term":[{"taxonomy":"category","embeddable":true,"href":"https:\/\/mediagroup.mx\/index.php\/wp-json\/wp\/v2\/categories?post=46681"},{"taxonomy":"post_tag","embeddable":true,"href":"https:\/\/mediagroup.mx\/index.php\/wp-json\/wp\/v2\/tags?post=46681"}],"curies":[{"name":"wp","href":"https:\/\/api.w.org\/{rel}","templated":true}]}}