{"id":46689,"date":"2023-06-26T20:45:55","date_gmt":"2023-06-26T20:45:55","guid":{"rendered":"https:\/\/new.mediagroup.mx\/index.php\/2023\/06\/26\/tendra-michoacan-un-parlamento-infantil-incluyente-75-legislatura\/"},"modified":"2023-06-26T20:45:55","modified_gmt":"2023-06-26T20:45:55","slug":"tendra-michoacan-un-parlamento-infantil-incluyente-75-legislatura","status":"publish","type":"post","link":"https:\/\/mediagroup.mx\/index.php\/2023\/06\/26\/tendra-michoacan-un-parlamento-infantil-incluyente-75-legislatura\/","title":{"rendered":"Tendr\u00e1 Michoac\u00e1n un Parlamento Infantil Incluyente: 75 Legislatura"},"content":{"rendered":"<p style=\"text-align: justify;\">Con el prop\u00f3sito de brindar un espacio libre de toda clase de discriminaci\u00f3n, en el que las ni\u00f1as, ni\u00f1os y adolescentes ejerzan su derecho de expresar libremente sus opiniones y propuestas, la 75 Legislatura de Michoac\u00e1n aprob\u00f3 la creaci\u00f3n del Parlamento Infantil Incluyente.<\/p>\n<p style=\"text-align: justify;\">As\u00ed, el dictamen presentado por las comisiones de Educaci\u00f3n y de Protecci\u00f3n a la Ni\u00f1ez y Adolescencia, refiere que el Parlamento Infantil, organizado anualmente por el Congreso de Michoac\u00e1n, ha sentado un importante precedente para la libre expresi\u00f3n y promoci\u00f3n de los derechos de la ni\u00f1ez.<\/p>\n<p style=\"text-align: justify;\">Por lo anterior, se\u00f1ala que resulta necesario fortalecer este ejercicio de participaci\u00f3n democr\u00e1tica procurando una protecci\u00f3n m\u00e1s amplia de sus derechos humanos.<\/p>\n<p style=\"text-align: justify;\">En ese sentido, se crea el Parlamento Infantil Incluyente, en sustituci\u00f3n del Parlamento Infantil, para garantizar que la inclusi\u00f3n, como principio b\u00e1sico, fomente la participaci\u00f3n de la ni\u00f1ez y la adolescencia, sin ninguna condici\u00f3n por su origen \u00e9tnico, g\u00e9nero, discapacidad, condici\u00f3n social o econ\u00f3mica; o bien, todas aquellas diferencias que puedan ser motivo de distinci\u00f3n, exclusi\u00f3n o restricci\u00f3n de sus derechos.<\/p>\n<p style=\"text-align: justify;\">De esta manera, el Poder Legislativo promueve entre la ni\u00f1ez ejercicios de toma de conciencia y responsabilidad, adem\u00e1s de reforzar su derecho de participaci\u00f3n en la sociedad, contribuyendo a la sensibilizaci\u00f3n de las personas adultas y a tener una visi\u00f3n desde la mirada de la ni\u00f1ez.<\/p>\n<p style=\"text-align: justify;\">Con ese prop\u00f3sito, el decreto se\u00f1ala que el Congreso del Estado organizar\u00e1 anualmente el Parlamento Infantil Incluyente, previa aprobaci\u00f3n de la Convocatoria P\u00fablica; asimismo, deber\u00e1 contemplar en su presupuesto de egresos anual una partida destinada para su realizaci\u00f3n.<\/p>\n<p style=\"text-align: justify;\">Asimismo, en virtud de sumar esfuerzos, las comisiones de Educaci\u00f3n y de Protecci\u00f3n a la Ni\u00f1ez y Adolescencia, ser\u00e1n las encargadas de la organizaci\u00f3n del parlamento, as\u00ed como de la conformaci\u00f3n del reglamento para la selecci\u00f3n, integraci\u00f3n y funcionamiento del mismo.<\/p>\n","protected":false},"excerpt":{"rendered":"<p>Con el prop\u00f3sito de brindar un espacio libre de toda clase de discriminaci\u00f3n, en el que las ni\u00f1as, ni\u00f1os y adolescentes ejerzan su derecho de expresar libremente sus opiniones y propuestas, la 75 Legislatura de Michoac\u00e1n aprob\u00f3 la creaci\u00f3n del Parlamento Infantil Incluyente. As\u00ed, el dictamen presentado por las comisiones de Educaci\u00f3n y de Protecci\u00f3n [&hellip;]<\/p>\n","protected":false},"author":1,"featured_media":46690,"comment_status":"open","ping_status":"open","sticky":false,"template":"","format":"standard","meta":{"om_disable_all_campaigns":false,"_monsterinsights_skip_tracking":false,"_monsterinsights_sitenote_active":false,"_monsterinsights_sitenote_note":"","_monsterinsights_sitenote_category":0,"_uf_show_specific_survey":0,"_uf_disable_surveys":false,"_jetpack_memberships_contains_paid_content":false,"footnotes":"","jetpack_publicize_message":"","jetpack_publicize_feature_enabled":true,"jetpack_social_post_already_shared":false,"jetpack_social_options":{"image_generator_settings":{"template":"highway","default_image_id":0,"enabled":false},"version":2}},"categories":[15],"tags":[],"class_list":{"0":"post-46689","1":"post","2":"type-post","3":"status-publish","4":"format-standard","5":"has-post-thumbnail","7":"category-michoacan"},"aioseo_notices":[],"jetpack_publicize_connections":[],"jetpack_featured_media_url":"https:\/\/mediagroup.mx\/wp-content\/uploads\/2023\/06\/WhatsApp-Image-2023-03-23-at-2.53.56-PM.jpeg","jetpack_sharing_enabled":true,"_links":{"self":[{"href":"https:\/\/mediagroup.mx\/index.php\/wp-json\/wp\/v2\/posts\/46689","targetHints":{"allow":["GET"]}}],"collection":[{"href":"https:\/\/mediagroup.mx\/index.php\/wp-json\/wp\/v2\/posts"}],"about":[{"href":"https:\/\/mediagroup.mx\/index.php\/wp-json\/wp\/v2\/types\/post"}],"author":[{"embeddable":true,"href":"https:\/\/mediagroup.mx\/index.php\/wp-json\/wp\/v2\/users\/1"}],"replies":[{"embeddable":true,"href":"https:\/\/mediagroup.mx\/index.php\/wp-json\/wp\/v2\/comments?post=46689"}],"version-history":[{"count":0,"href":"https:\/\/mediagroup.mx\/index.php\/wp-json\/wp\/v2\/posts\/46689\/revisions"}],"wp:featuredmedia":[{"embeddable":true,"href":"https:\/\/mediagroup.mx\/index.php\/wp-json\/wp\/v2\/media\/46690"}],"wp:attachment":[{"href":"https:\/\/mediagroup.mx\/index.php\/wp-json\/wp\/v2\/media?parent=46689"}],"wp:term":[{"taxonomy":"category","embeddable":true,"href":"https:\/\/mediagroup.mx\/index.php\/wp-json\/wp\/v2\/categories?post=46689"},{"taxonomy":"post_tag","embeddable":true,"href":"https:\/\/mediagroup.mx\/index.php\/wp-json\/wp\/v2\/tags?post=46689"}],"curies":[{"name":"wp","href":"https:\/\/api.w.org\/{rel}","templated":true}]}}