{"id":46693,"date":"2023-06-26T20:45:55","date_gmt":"2023-06-26T20:45:55","guid":{"rendered":"https:\/\/new.mediagroup.mx\/index.php\/2023\/06\/26\/acompana-erendira-isauro-iniciativa-del-colectivo-lgbt-rights-mexico-reconocimiento-de-aportaciones-de-la-comunidad-lgbtiq\/"},"modified":"2023-06-26T20:45:55","modified_gmt":"2023-06-26T20:45:55","slug":"acompana-erendira-isauro-iniciativa-del-colectivo-lgbt-rights-mexico-reconocimiento-de-aportaciones-de-la-comunidad-lgbtiq","status":"publish","type":"post","link":"https:\/\/mediagroup.mx\/index.php\/2023\/06\/26\/acompana-erendira-isauro-iniciativa-del-colectivo-lgbt-rights-mexico-reconocimiento-de-aportaciones-de-la-comunidad-lgbtiq\/","title":{"rendered":"Acompa\u00f1a Er\u00e9ndira Isauro iniciativa del Colectivo LGBT+ Rights M\u00e9xico reconocimiento de aportaciones de la comunidad LGBTIQ+"},"content":{"rendered":"<p style=\"text-align: justify;\">Con el objetivo armonizar el Premio Estatal de la Juventud con los lineamientos del Premio Nacional, as\u00ed como reconocer e incentivar la lucha de la comunidad LGBTIQ+; la diputada por el Distrito 05 por Paracho, Er\u00e9ndira Isauro Hern\u00e1ndez acompa\u00f1\u00f3 la iniciativa del Colectivo LGBT+ Rights M\u00e9xico, y la present\u00f3 ante el Pleno del Poder Legislativo, para que se adicione la categor\u00eda de Diversidad Sexual al Premio Estatal de la Juventud en el estado.<\/p>\n<p style=\"text-align: justify;\">La propuesta busca una reforma a la Ley de los J\u00f3venes del Estado de Michoac\u00e1n, para tener una regulaci\u00f3n clara y objetiva, la cual no dependa de los acuerdos estatales, dijo la diputada, al reconocer la lucha de LGBT+ Rights M\u00e9xico, organizaci\u00f3n nacional, as\u00ed como su presidente en M\u00e9xico, Enrique Vives y Aurora Monje representante en Michoac\u00e1n, que buscan crear un espacio seguro para la comunidad LGBTIQ+ en la vida pol\u00edtica y electoral.<\/p>\n<p style=\"text-align: justify;\">\u201cEst\u00e1 iniciativa ha sido homologada en cada estado, y ha sido presentada a veinte congresistas estatales de diversas entidades federativas. Estas entidades federativas son: Oaxaca; Nayarit; Jalisco; Hidalgo; Ciudad de M\u00e9xico; Puebla; Chiapas; Guanajuato; Quintana Roo; Quer\u00e9taro; Baja California; Estado de M\u00e9xico; Aguascalientes; Guerrero; Colima; Sonora; Durango; Sinaloa; Morelos, y Veracruz\u201d, mencion\u00f3.<\/p>\n<p style=\"text-align: justify;\">Er\u00e9ndira Isauro expuso que el Premio de la Juventud tiene como objetivo reconocer los aportes de las juventudes, actualmente no se encuentra regulado en la legislaci\u00f3n estatal, lo que genera una falta de certeza jur\u00eddica, y esta propuesta busca que no se excluya a grupos sociales como la comunidad LGBTIQ+ que ha sido discriminada y estigmatizada.<\/p>\n<p style=\"text-align: justify;\">Expuso que la estigmatizaci\u00f3n de la diversidad ha conducido a que, en muchos \u00e1mbitos, se reproduzcan patrones de discriminaci\u00f3n, un diagn\u00f3stico, revela que siete de cada diez personas LGBTIQ+ declararon haberse sentido discriminadas en espacios educativos y la mitad manifest\u00f3 haber vivido, por lo menos una vez, situaciones de acoso, hostigamiento o discriminaci\u00f3n en el trabajo.<\/p>\n<p style=\"text-align: justify;\">En otro estudio, 42% de las mujeres 1 trans, 38% de los hombres trans y 39% de las mujeres lesbianas expresaron haber sido discriminadas y discriminados en el espacio p\u00fablico.<\/p>\n<p style=\"text-align: justify;\">Adem\u00e1s, revel\u00f3 que la Comisi\u00f3n Interamericana de Derechos Humanos ha se\u00f1alado, por ejemplo, que cuando los prejuicios permean a las autoridades, las v\u00edctimas, as\u00ed como sus familiares y amistades, tienen menores incentivos para denunciar actos de violencia. Ello es preocupante en un pa\u00eds donde, entre enero de 2013 y diciembre de 2017, se registraron al menos 381 asesinatos de personas LGBTIQ+ presuntamente vinculados con su orientaci\u00f3n sexual o identidad o expresi\u00f3n de g\u00e9nero.<\/p>\n","protected":false},"excerpt":{"rendered":"<p>Con el objetivo armonizar el Premio Estatal de la Juventud con los lineamientos del Premio Nacional, as\u00ed como reconocer e incentivar la lucha de la comunidad LGBTIQ+; la diputada por el Distrito 05 por Paracho, Er\u00e9ndira Isauro Hern\u00e1ndez acompa\u00f1\u00f3 la iniciativa del Colectivo LGBT+ Rights M\u00e9xico, y la present\u00f3 ante el Pleno del Poder Legislativo, [&hellip;]<\/p>\n","protected":false},"author":1,"featured_media":46694,"comment_status":"open","ping_status":"open","sticky":false,"template":"","format":"standard","meta":{"om_disable_all_campaigns":false,"_monsterinsights_skip_tracking":false,"_monsterinsights_sitenote_active":false,"_monsterinsights_sitenote_note":"","_monsterinsights_sitenote_category":0,"_uf_show_specific_survey":0,"_uf_disable_surveys":false,"_jetpack_memberships_contains_paid_content":false,"footnotes":"","jetpack_publicize_message":"","jetpack_publicize_feature_enabled":true,"jetpack_social_post_already_shared":false,"jetpack_social_options":{"image_generator_settings":{"template":"highway","default_image_id":0,"enabled":false},"version":2}},"categories":[15],"tags":[],"class_list":{"0":"post-46693","1":"post","2":"type-post","3":"status-publish","4":"format-standard","5":"has-post-thumbnail","7":"category-michoacan"},"aioseo_notices":[],"jetpack_publicize_connections":[],"jetpack_featured_media_url":"https:\/\/mediagroup.mx\/wp-content\/uploads\/2023\/06\/WhatsApp-Image-2023-03-23-at-2.43.18-PM.jpeg","jetpack_sharing_enabled":true,"_links":{"self":[{"href":"https:\/\/mediagroup.mx\/index.php\/wp-json\/wp\/v2\/posts\/46693","targetHints":{"allow":["GET"]}}],"collection":[{"href":"https:\/\/mediagroup.mx\/index.php\/wp-json\/wp\/v2\/posts"}],"about":[{"href":"https:\/\/mediagroup.mx\/index.php\/wp-json\/wp\/v2\/types\/post"}],"author":[{"embeddable":true,"href":"https:\/\/mediagroup.mx\/index.php\/wp-json\/wp\/v2\/users\/1"}],"replies":[{"embeddable":true,"href":"https:\/\/mediagroup.mx\/index.php\/wp-json\/wp\/v2\/comments?post=46693"}],"version-history":[{"count":0,"href":"https:\/\/mediagroup.mx\/index.php\/wp-json\/wp\/v2\/posts\/46693\/revisions"}],"wp:featuredmedia":[{"embeddable":true,"href":"https:\/\/mediagroup.mx\/index.php\/wp-json\/wp\/v2\/media\/46694"}],"wp:attachment":[{"href":"https:\/\/mediagroup.mx\/index.php\/wp-json\/wp\/v2\/media?parent=46693"}],"wp:term":[{"taxonomy":"category","embeddable":true,"href":"https:\/\/mediagroup.mx\/index.php\/wp-json\/wp\/v2\/categories?post=46693"},{"taxonomy":"post_tag","embeddable":true,"href":"https:\/\/mediagroup.mx\/index.php\/wp-json\/wp\/v2\/tags?post=46693"}],"curies":[{"name":"wp","href":"https:\/\/api.w.org\/{rel}","templated":true}]}}