{"id":46794,"date":"2023-06-26T20:46:57","date_gmt":"2023-06-26T20:46:57","guid":{"rendered":"https:\/\/new.mediagroup.mx\/index.php\/2023\/06\/26\/gobernador-pide-a-sus-funcionarios-no-discriminar-a-las-comunidades-indigenas\/"},"modified":"2023-06-26T20:46:57","modified_gmt":"2023-06-26T20:46:57","slug":"gobernador-pide-a-sus-funcionarios-no-discriminar-a-las-comunidades-indigenas","status":"publish","type":"post","link":"https:\/\/mediagroup.mx\/index.php\/2023\/06\/26\/gobernador-pide-a-sus-funcionarios-no-discriminar-a-las-comunidades-indigenas\/","title":{"rendered":"Gobernador pide a sus funcionarios no discriminar a las comunidades ind\u00edgenas"},"content":{"rendered":"<p>En el marco de la publicaci\u00f3n del dec\u00e1logo para mejorar la atenci\u00f3n a las comunidades ind\u00edgenas, el gobernador Alfredo Ram\u00edrez Bedolla, pidi\u00f3 a las y los funcionarios p\u00fablicos de Michoac\u00e1n, no discriminar a las comunidades ind\u00edgenas ni a sus habitantes en los distintos tr\u00e1mites y servicios que ofrece el estado y sus tres poderes.<\/p>\n<p>Durante su participaci\u00f3n en la presentaci\u00f3n del dec\u00e1logo, el mandatario se\u00f1al\u00f3 que la meta de su administraci\u00f3n, es asegurar que las comunidades originarias de Michoac\u00e1n, puedan ejercer su derecho al autogobierno y la administraci\u00f3n de sus recursos, ya que el objetivo de la Cuarta Transformaci\u00f3n, es que M\u00e9xico sea un Estado de Derecho extendido y social con el reconocimiento al cuarto nivel de gobierno que son las comunidades.<\/p>\n<p>Por ello, Ram\u00edrez Bedolla pidi\u00f3 a todas y todos los funcionarios p\u00fablicos, acatar el dec\u00e1logo y dar atenci\u00f3n incluyente, sin discriminaci\u00f3n y con perspectiva social, tanto para las 29 comunidades que ya cuentan con autogobierno, como para las que buscan transitar a dicho modelo.<\/p>\n<p>Por: Oscar Mendoza<\/p>\n","protected":false},"excerpt":{"rendered":"<p>En el marco de la publicaci\u00f3n del dec\u00e1logo para mejorar la atenci\u00f3n a las comunidades ind\u00edgenas, el gobernador Alfredo Ram\u00edrez Bedolla, pidi\u00f3 a las y los funcionarios p\u00fablicos de Michoac\u00e1n, no discriminar a las comunidades ind\u00edgenas ni a sus habitantes en los distintos tr\u00e1mites y servicios que ofrece el estado y sus tres poderes. Durante [&hellip;]<\/p>\n","protected":false},"author":1,"featured_media":46795,"comment_status":"open","ping_status":"open","sticky":false,"template":"","format":"standard","meta":{"om_disable_all_campaigns":false,"_monsterinsights_skip_tracking":false,"_monsterinsights_sitenote_active":false,"_monsterinsights_sitenote_note":"","_monsterinsights_sitenote_category":0,"_uf_show_specific_survey":0,"_uf_disable_surveys":false,"_jetpack_memberships_contains_paid_content":false,"footnotes":"","jetpack_publicize_message":"","jetpack_publicize_feature_enabled":true,"jetpack_social_post_already_shared":false,"jetpack_social_options":{"image_generator_settings":{"template":"highway","default_image_id":0,"enabled":false},"version":2}},"categories":[15],"tags":[],"class_list":{"0":"post-46794","1":"post","2":"type-post","3":"status-publish","4":"format-standard","5":"has-post-thumbnail","7":"category-michoacan"},"aioseo_notices":[],"jetpack_publicize_connections":[],"jetpack_featured_media_url":"https:\/\/mediagroup.mx\/wp-content\/uploads\/2023\/06\/845CA207-B29A-4DD0-BFAC-9B061C617032.jpeg","jetpack_sharing_enabled":true,"_links":{"self":[{"href":"https:\/\/mediagroup.mx\/index.php\/wp-json\/wp\/v2\/posts\/46794","targetHints":{"allow":["GET"]}}],"collection":[{"href":"https:\/\/mediagroup.mx\/index.php\/wp-json\/wp\/v2\/posts"}],"about":[{"href":"https:\/\/mediagroup.mx\/index.php\/wp-json\/wp\/v2\/types\/post"}],"author":[{"embeddable":true,"href":"https:\/\/mediagroup.mx\/index.php\/wp-json\/wp\/v2\/users\/1"}],"replies":[{"embeddable":true,"href":"https:\/\/mediagroup.mx\/index.php\/wp-json\/wp\/v2\/comments?post=46794"}],"version-history":[{"count":0,"href":"https:\/\/mediagroup.mx\/index.php\/wp-json\/wp\/v2\/posts\/46794\/revisions"}],"wp:featuredmedia":[{"embeddable":true,"href":"https:\/\/mediagroup.mx\/index.php\/wp-json\/wp\/v2\/media\/46795"}],"wp:attachment":[{"href":"https:\/\/mediagroup.mx\/index.php\/wp-json\/wp\/v2\/media?parent=46794"}],"wp:term":[{"taxonomy":"category","embeddable":true,"href":"https:\/\/mediagroup.mx\/index.php\/wp-json\/wp\/v2\/categories?post=46794"},{"taxonomy":"post_tag","embeddable":true,"href":"https:\/\/mediagroup.mx\/index.php\/wp-json\/wp\/v2\/tags?post=46794"}],"curies":[{"name":"wp","href":"https:\/\/api.w.org\/{rel}","templated":true}]}}