{"id":46796,"date":"2023-06-26T20:46:57","date_gmt":"2023-06-26T20:46:57","guid":{"rendered":"https:\/\/new.mediagroup.mx\/index.php\/2023\/06\/26\/en-el-teatro-matamoros-inauguran-exposicion-de-toritos-de-petate\/"},"modified":"2023-06-26T20:46:57","modified_gmt":"2023-06-26T20:46:57","slug":"en-el-teatro-matamoros-inauguran-exposicion-de-toritos-de-petate","status":"publish","type":"post","link":"https:\/\/mediagroup.mx\/index.php\/2023\/06\/26\/en-el-teatro-matamoros-inauguran-exposicion-de-toritos-de-petate\/","title":{"rendered":"En el Teatro Matamoros, inauguran exposici\u00f3n de toritos de petate"},"content":{"rendered":"<p>La Secretar\u00eda de Cultura de Morelia (SeCultura) inaugur\u00f3 la exposici\u00f3n \u201cTorito de Petate\u201d en el Teatro Matamoros, que estar\u00e1 hasta el 16 de abril, con piezas artesanales que fueron utilizados para el carnaval de este a\u00f1o, adem\u00e1s de la muestra de un documental realizado el a\u00f1o pasado donde se muestra el trabajo para su elaboraci\u00f3n, inform\u00f3 la encargada de estas pol\u00edticas municipales, F\u00e1tima Ch\u00e1vez Alcaraz.<\/p>\n<p>Asimismo, dijo que el torito de petate representa la identidad moreliana, por lo que se busca difundir esta tradici\u00f3n.<\/p>\n<p>A su vez, el artesano Jos\u00e9 Mar\u00eda Ayala Bejarano, que representa al Monarca Down de la F\u00e9lix Ireta, agradeci\u00f3 a nombre de los art\u00edfices, pues el trabajo para los toritos lleva tiempo.<\/p>\n<p>Por: Jes\u00fas Gonz\u00e1lez<\/p>\n","protected":false},"excerpt":{"rendered":"<p>La Secretar\u00eda de Cultura de Morelia (SeCultura) inaugur\u00f3 la exposici\u00f3n \u201cTorito de Petate\u201d en el Teatro Matamoros, que estar\u00e1 hasta el 16 de abril, con piezas artesanales que fueron utilizados para el carnaval de este a\u00f1o, adem\u00e1s de la muestra de un documental realizado el a\u00f1o pasado donde se muestra el trabajo para su elaboraci\u00f3n, [&hellip;]<\/p>\n","protected":false},"author":1,"featured_media":46797,"comment_status":"open","ping_status":"open","sticky":false,"template":"","format":"standard","meta":{"om_disable_all_campaigns":false,"_monsterinsights_skip_tracking":false,"_monsterinsights_sitenote_active":false,"_monsterinsights_sitenote_note":"","_monsterinsights_sitenote_category":0,"_uf_show_specific_survey":0,"_uf_disable_surveys":false,"_jetpack_memberships_contains_paid_content":false,"footnotes":"","jetpack_publicize_message":"","jetpack_publicize_feature_enabled":true,"jetpack_social_post_already_shared":false,"jetpack_social_options":{"image_generator_settings":{"template":"highway","default_image_id":0,"enabled":false},"version":2}},"categories":[25],"tags":[],"class_list":{"0":"post-46796","1":"post","2":"type-post","3":"status-publish","4":"format-standard","5":"has-post-thumbnail","7":"category-cultura"},"aioseo_notices":[],"jetpack_publicize_connections":[],"jetpack_featured_media_url":"https:\/\/mediagroup.mx\/wp-content\/uploads\/2023\/06\/3CBD1AED-07E4-4DAC-8103-B61A741445CB.jpeg","jetpack_sharing_enabled":true,"_links":{"self":[{"href":"https:\/\/mediagroup.mx\/index.php\/wp-json\/wp\/v2\/posts\/46796","targetHints":{"allow":["GET"]}}],"collection":[{"href":"https:\/\/mediagroup.mx\/index.php\/wp-json\/wp\/v2\/posts"}],"about":[{"href":"https:\/\/mediagroup.mx\/index.php\/wp-json\/wp\/v2\/types\/post"}],"author":[{"embeddable":true,"href":"https:\/\/mediagroup.mx\/index.php\/wp-json\/wp\/v2\/users\/1"}],"replies":[{"embeddable":true,"href":"https:\/\/mediagroup.mx\/index.php\/wp-json\/wp\/v2\/comments?post=46796"}],"version-history":[{"count":0,"href":"https:\/\/mediagroup.mx\/index.php\/wp-json\/wp\/v2\/posts\/46796\/revisions"}],"wp:featuredmedia":[{"embeddable":true,"href":"https:\/\/mediagroup.mx\/index.php\/wp-json\/wp\/v2\/media\/46797"}],"wp:attachment":[{"href":"https:\/\/mediagroup.mx\/index.php\/wp-json\/wp\/v2\/media?parent=46796"}],"wp:term":[{"taxonomy":"category","embeddable":true,"href":"https:\/\/mediagroup.mx\/index.php\/wp-json\/wp\/v2\/categories?post=46796"},{"taxonomy":"post_tag","embeddable":true,"href":"https:\/\/mediagroup.mx\/index.php\/wp-json\/wp\/v2\/tags?post=46796"}],"curies":[{"name":"wp","href":"https:\/\/api.w.org\/{rel}","templated":true}]}}