{"id":46802,"date":"2023-06-26T20:46:57","date_gmt":"2023-06-26T20:46:57","guid":{"rendered":"https:\/\/new.mediagroup.mx\/index.php\/2023\/06\/26\/policias-son-atacados-a-balazos-por-delincuentes-en-mision-del-valle-hay-2-oficiales-muertos\/"},"modified":"2023-06-26T20:46:57","modified_gmt":"2023-06-26T20:46:57","slug":"policias-son-atacados-a-balazos-por-delincuentes-en-mision-del-valle-hay-2-oficiales-muertos","status":"publish","type":"post","link":"https:\/\/mediagroup.mx\/index.php\/2023\/06\/26\/policias-son-atacados-a-balazos-por-delincuentes-en-mision-del-valle-hay-2-oficiales-muertos\/","title":{"rendered":"Polic\u00edas son atacados a balazos por delincuentes en Misi\u00f3n del Valle; hay 2 oficiales muertos"},"content":{"rendered":"<p>Unos elementos policiales fueron atacados a balazos por sujetos armados en el fraccionamiento moreliano Misi\u00f3n del Valle. En el tiroteo, dos oficiales fallecieron, indicaron fuentes allegadas al tema.<\/p>\n<p>Lo anterior sucedi\u00f3 la tarde de este martes en varias calles entre ellas la de Convento de Ixmiquilpan, cerca de la Bodega Aurrera. Durante el combate, los uniformados solicitaron refuerzos y ayuda m\u00e9dica para sus compa\u00f1eros.<\/p>\n<p>Los agresores huyeron y se ocultaron en unas viviendas, luego arribaron agentes de distintas corporaciones policiales, as\u00ed como de la Fiscal\u00eda General del Estado (FGE).<\/p>\n<p>Un vistoso operativo se realiz\u00f3 por aire y tierra en el referido asentamiento y en \u00e1reas aleda\u00f1as para atrapar a los responsables. En cuanto a los finados todav\u00eda no se tiene certeza si son de la Guardia Nacional o Civil.<\/p>\n<p>La Fiscal\u00eda contin\u00faa con las diligencias respectivas. De manera extraoficial se supo que al parecer hay dos probables agresores capturados, pero las instituciones policiales no han proporcionado m\u00e1s detalles.<\/p>\n","protected":false},"excerpt":{"rendered":"<p>Unos elementos policiales fueron atacados a balazos por sujetos armados en el fraccionamiento moreliano Misi\u00f3n del Valle. En el tiroteo, dos oficiales fallecieron, indicaron fuentes allegadas al tema. Lo anterior sucedi\u00f3 la tarde de este martes en varias calles entre ellas la de Convento de Ixmiquilpan, cerca de la Bodega Aurrera. Durante el combate, los [&hellip;]<\/p>\n","protected":false},"author":1,"featured_media":46803,"comment_status":"open","ping_status":"open","sticky":false,"template":"","format":"standard","meta":{"om_disable_all_campaigns":false,"_monsterinsights_skip_tracking":false,"_monsterinsights_sitenote_active":false,"_monsterinsights_sitenote_note":"","_monsterinsights_sitenote_category":0,"_uf_show_specific_survey":0,"_uf_disable_surveys":false,"_jetpack_memberships_contains_paid_content":false,"footnotes":"","jetpack_publicize_message":"","jetpack_publicize_feature_enabled":true,"jetpack_social_post_already_shared":false,"jetpack_social_options":{"image_generator_settings":{"template":"highway","default_image_id":0,"enabled":false},"version":2}},"categories":[24],"tags":[],"class_list":{"0":"post-46802","1":"post","2":"type-post","3":"status-publish","4":"format-standard","5":"has-post-thumbnail","7":"category-seguridad"},"aioseo_notices":[],"jetpack_publicize_connections":[],"jetpack_featured_media_url":"https:\/\/mediagroup.mx\/wp-content\/uploads\/2023\/06\/BE7234A5-C9B9-48FB-8B9B-2B13D50EB346.jpeg","jetpack_sharing_enabled":true,"_links":{"self":[{"href":"https:\/\/mediagroup.mx\/index.php\/wp-json\/wp\/v2\/posts\/46802","targetHints":{"allow":["GET"]}}],"collection":[{"href":"https:\/\/mediagroup.mx\/index.php\/wp-json\/wp\/v2\/posts"}],"about":[{"href":"https:\/\/mediagroup.mx\/index.php\/wp-json\/wp\/v2\/types\/post"}],"author":[{"embeddable":true,"href":"https:\/\/mediagroup.mx\/index.php\/wp-json\/wp\/v2\/users\/1"}],"replies":[{"embeddable":true,"href":"https:\/\/mediagroup.mx\/index.php\/wp-json\/wp\/v2\/comments?post=46802"}],"version-history":[{"count":0,"href":"https:\/\/mediagroup.mx\/index.php\/wp-json\/wp\/v2\/posts\/46802\/revisions"}],"wp:featuredmedia":[{"embeddable":true,"href":"https:\/\/mediagroup.mx\/index.php\/wp-json\/wp\/v2\/media\/46803"}],"wp:attachment":[{"href":"https:\/\/mediagroup.mx\/index.php\/wp-json\/wp\/v2\/media?parent=46802"}],"wp:term":[{"taxonomy":"category","embeddable":true,"href":"https:\/\/mediagroup.mx\/index.php\/wp-json\/wp\/v2\/categories?post=46802"},{"taxonomy":"post_tag","embeddable":true,"href":"https:\/\/mediagroup.mx\/index.php\/wp-json\/wp\/v2\/tags?post=46802"}],"curies":[{"name":"wp","href":"https:\/\/api.w.org\/{rel}","templated":true}]}}