{"id":47857,"date":"2023-07-25T19:53:23","date_gmt":"2023-07-25T19:53:23","guid":{"rendered":"https:\/\/new.mediagroup.mx\/index.php\/2023\/07\/25\/maria-eugenia-romero-dirigira-politica-de-genero-e-inclusion-en-la-umsnh\/"},"modified":"2023-07-25T19:53:23","modified_gmt":"2023-07-25T19:53:23","slug":"maria-eugenia-romero-dirigira-politica-de-genero-e-inclusion-en-la-umsnh","status":"publish","type":"post","link":"https:\/\/mediagroup.mx\/index.php\/2023\/07\/25\/maria-eugenia-romero-dirigira-politica-de-genero-e-inclusion-en-la-umsnh\/","title":{"rendered":"Mar\u00eda Eugenia Romero dirigir\u00e1 pol\u00edtica de g\u00e9nero e inclusi\u00f3n en la UMSNH"},"content":{"rendered":"<p style=\"text-align: justify;\">Mar\u00eda Eugenia Romero Olvera tendr\u00e1 la encomienda de dirigir todas las pol\u00edticas de g\u00e9nero, inclusi\u00f3n y cultura de paz en la Universidad Michoacana de San Nicol\u00e1s de Hidalgo (UMSNH). Esa fue la encomienda que le dieron la rectora Yarab\u00ed \u00c1vila Gonz\u00e1lez y el secretario general, Zoe Infante Jim\u00e9nez, al entregarle el nombramiento de la Coordinaci\u00f3n General, instancia reci\u00e9n creada por el Consejo Universitario.<\/p>\n<p style=\"text-align: justify;\">Se trata de un logro de muchos a\u00f1os. Han sido cientos de mujeres las que han aportado su visi\u00f3n para implementar pol\u00edticas p\u00fablicas de igualdad e ir desterrando la violencia de g\u00e9nero en la Casa de Hidalgo. La rectora resalt\u00f3 el paso que se ha dado en esta administraci\u00f3n y que ser\u00e1 la gu\u00eda con la que se conduzca. \u201cLos derechos humanos no est\u00e1n a discusi\u00f3n, y tenemos que trabajar todos los d\u00edas para que sean respetados\u201d.<\/p>\n<p style=\"text-align: justify;\">Acompa\u00f1ada por el secretario general, la rectora deposit\u00f3 su confianza en Romero Olvera, y record\u00f3 que el esfuerzo por construir esta Coordinaci\u00f3n comenz\u00f3 cuando arrib\u00f3 a la Rector\u00eda. Afirm\u00f3 que es un gran compromiso el que se tiene para defender y prevenir cualquier conducta que lastime a las personas. Afirm\u00f3 que estar\u00e1 arropada por la administraci\u00f3n y contar\u00e1 con el acompa\u00f1amiento de los enlaces de G\u00e9nero que existen en la Casa de Hidalgo.<\/p>\n<p style=\"text-align: justify;\">Romero Olvera destac\u00f3 que es un d\u00eda conmemorable, pues se trata de un lucha de m\u00e1s de 10 a\u00f1os de todas las mujeres que han impulsado este espacio. \u201cTener una unidad de G\u00e9nero dentro de nuestra universidad va a cambiar la manera de dar clases, de venir a una universidad, en donde se buscar\u00e1 que sea un espacio libre de violencia\u201d. Ofreci\u00f3 trabajar de manera conjunta con las mujeres para ir combatiendo los lastres que afectan.<\/p>\n<p style=\"text-align: justify;\">Por su parte, el secretario general felicit\u00f3 a la doctora Romero Olvera y resalt\u00f3 que se trata de un proyecto transversal. Dijo que es un logro, porque la unidad estaba refugiada en la Secretar\u00eda General y ahora contar\u00e1 con una personalidad y con atribuciones para poder desplegar acciones que ayuden a la igualdad de g\u00e9nero, inclusi\u00f3n y la cultura de paz. Ofreci\u00f3 todo su respaldo y acompa\u00f1amiento para que logre permear en la Casa de Hidalgo.<\/p>\n<p style=\"text-align: justify;\">La nueva coordinadora prometi\u00f3 dar su mayor esfuerzo para que todo el trabajo llegue a las unidades de la Casa de Hidalgo en el interior del estado, y que adem\u00e1s impacten en la sociedad. La rectora agradeci\u00f3 el respaldo del Consejo Universitario, y de las y los directores de las distintas facultades, escuelas e institutos, porque ser\u00e1 un trabajo en equipo.<\/p>\n","protected":false},"excerpt":{"rendered":"<p>Mar\u00eda Eugenia Romero Olvera tendr\u00e1 la encomienda de dirigir todas las pol\u00edticas de g\u00e9nero, inclusi\u00f3n y cultura de paz en la Universidad Michoacana de San Nicol\u00e1s de Hidalgo (UMSNH). Esa fue la encomienda que le dieron la rectora Yarab\u00ed \u00c1vila Gonz\u00e1lez y el secretario general, Zoe Infante Jim\u00e9nez, al entregarle el nombramiento de la Coordinaci\u00f3n [&hellip;]<\/p>\n","protected":false},"author":1,"featured_media":47858,"comment_status":"open","ping_status":"open","sticky":false,"template":"","format":"standard","meta":{"om_disable_all_campaigns":false,"_monsterinsights_skip_tracking":false,"_monsterinsights_sitenote_active":false,"_monsterinsights_sitenote_note":"","_monsterinsights_sitenote_category":0,"_uf_show_specific_survey":0,"_uf_disable_surveys":false,"_jetpack_memberships_contains_paid_content":false,"footnotes":"","jetpack_publicize_message":"","jetpack_publicize_feature_enabled":true,"jetpack_social_post_already_shared":false,"jetpack_social_options":{"image_generator_settings":{"template":"highway","default_image_id":0,"enabled":false},"version":2}},"categories":[22],"tags":[],"class_list":{"0":"post-47857","1":"post","2":"type-post","3":"status-publish","4":"format-standard","5":"has-post-thumbnail","7":"category-educacion"},"aioseo_notices":[],"jetpack_publicize_connections":[],"jetpack_featured_media_url":"https:\/\/mediagroup.mx\/wp-content\/uploads\/2023\/07\/WhatsApp-Image-2023-06-22-at-3.17.00-PM.jpeg","jetpack_sharing_enabled":true,"_links":{"self":[{"href":"https:\/\/mediagroup.mx\/index.php\/wp-json\/wp\/v2\/posts\/47857","targetHints":{"allow":["GET"]}}],"collection":[{"href":"https:\/\/mediagroup.mx\/index.php\/wp-json\/wp\/v2\/posts"}],"about":[{"href":"https:\/\/mediagroup.mx\/index.php\/wp-json\/wp\/v2\/types\/post"}],"author":[{"embeddable":true,"href":"https:\/\/mediagroup.mx\/index.php\/wp-json\/wp\/v2\/users\/1"}],"replies":[{"embeddable":true,"href":"https:\/\/mediagroup.mx\/index.php\/wp-json\/wp\/v2\/comments?post=47857"}],"version-history":[{"count":0,"href":"https:\/\/mediagroup.mx\/index.php\/wp-json\/wp\/v2\/posts\/47857\/revisions"}],"wp:featuredmedia":[{"embeddable":true,"href":"https:\/\/mediagroup.mx\/index.php\/wp-json\/wp\/v2\/media\/47858"}],"wp:attachment":[{"href":"https:\/\/mediagroup.mx\/index.php\/wp-json\/wp\/v2\/media?parent=47857"}],"wp:term":[{"taxonomy":"category","embeddable":true,"href":"https:\/\/mediagroup.mx\/index.php\/wp-json\/wp\/v2\/categories?post=47857"},{"taxonomy":"post_tag","embeddable":true,"href":"https:\/\/mediagroup.mx\/index.php\/wp-json\/wp\/v2\/tags?post=47857"}],"curies":[{"name":"wp","href":"https:\/\/api.w.org\/{rel}","templated":true}]}}