{"id":47859,"date":"2023-07-25T19:53:23","date_gmt":"2023-07-25T19:53:23","guid":{"rendered":"https:\/\/new.mediagroup.mx\/index.php\/2023\/07\/25\/iniciara-registro-de-propuestas-para-condecoracion-suprema-junta-nacional-americana\/"},"modified":"2023-07-25T19:53:23","modified_gmt":"2023-07-25T19:53:23","slug":"iniciara-registro-de-propuestas-para-condecoracion-suprema-junta-nacional-americana","status":"publish","type":"post","link":"https:\/\/mediagroup.mx\/index.php\/2023\/07\/25\/iniciara-registro-de-propuestas-para-condecoracion-suprema-junta-nacional-americana\/","title":{"rendered":"Iniciar\u00e1 registro de propuestas para Condecoraci\u00f3n \u00abSuprema Junta Nacional Americana\u201d"},"content":{"rendered":"<p style=\"text-align: justify;\">La 75 Legislatura de Michoac\u00e1n abrir\u00e1 periodo de registro para recibir propuestas de aspirantes a ser merecedores de la Condecoraci\u00f3n \u201cSuprema Junta Nacional Americana\u201d, que ser\u00e1 del lunes 26 al viernes 30 de junio.<\/p>\n<p style=\"text-align: justify;\">Los interesados podr\u00e1n hacer llegar las propuestas de personas o instituciones, que, por su destacada trayectoria c\u00edvica, sean potenciale acreedores del reconocimiento.<\/p>\n<p style=\"text-align: justify;\">A propuesta de la Junta de Coordinaci\u00f3n Pol\u00edtica, el Pleno del Poder Legislativo aprob\u00f3 la convocatoria que establece que los interesados tendr\u00e1n que registrar sus propuestas en la Secretar\u00eda de Servicios Parlamentarios, ubicada en la Av. Madero Oriente no. 97, Colonia Centro de esta Ciudad Capital, en un horario de 09:00 a 15:00 horas.<\/p>\n<p style=\"text-align: justify;\">Algunos de los documentos solicitados son: carta de propuesta a recipiendario a la Condecoraci\u00f3n, emitida por instituci\u00f3n u organismo p\u00fablico, privado o aut\u00f3nomo, de cualquier persona o personas de la sociedad en general; carta de aceptaci\u00f3n de la persona o instituci\u00f3n propuesta a recipiendario; acta de nacimiento, en caso de que la propuesta sea persona f\u00edsica; Clave \u00danica de Registro de Poblaci\u00f3n; documento que acredite la personalidad o naturaleza jur\u00eddica, en caso de que la propuesta sea una persona moral, entre otros.<\/p>\n<p style=\"text-align: justify;\">Los documentos anteriormente se\u00f1alados, deber\u00e1n ser entregados con la exposici\u00f3n de razones en las que se propone a la persona o instituci\u00f3n a ser recipiendario de la Condecoraci\u00f3n, para que posteriormente la Junta de Coordinaci\u00f3n Pol\u00edtica analice las propuestas recibidas y presente al Pleno del Congreso del Estado, la que considere mejor opci\u00f3n para su aprobaci\u00f3n.<\/p>\n<p style=\"text-align: justify;\">La Condecoraci\u00f3n se otorgar\u00e1 en Sesi\u00f3n Solemne en la ciudad de Zit\u00e1cuaro Michoac\u00e1n, el d\u00eda 19 de agosto, para reconocer la participaci\u00f3n de los integrantes de la Suprema Junta Nacional Americana: Don Ignacio L\u00f3pez Ray\u00f3n, presidente; Don Jos\u00e9 Mar\u00eda Liceaga, Don Jos\u00e9 Sixto Verduzco, Vocales; y Don Remigio de Yarza, secretario.<\/p>\n<p style=\"text-align: justify;\">El reconocimiento consiste en una medalla que se entregar\u00e1 a la ciudadana o ciudadano, organizaci\u00f3n civil, organismo no gubernamental, instituci\u00f3n p\u00fablica o privada que se haya distinguido por su aportaci\u00f3n al r\u00e9gimen constitucional de la Rep\u00fablica Mexicana o al Estado de Michoac\u00e1n.<\/p>\n<p style=\"text-align: justify;\">Consulta la convocatoria completa en la siguiente direcci\u00f3n electr\u00f3nica: http:\/\/congresomich.gob.mx\/file\/acuerdo-402_21-06-23.pdf<\/p>\n","protected":false},"excerpt":{"rendered":"<p>La 75 Legislatura de Michoac\u00e1n abrir\u00e1 periodo de registro para recibir propuestas de aspirantes a ser merecedores de la Condecoraci\u00f3n \u201cSuprema Junta Nacional Americana\u201d, que ser\u00e1 del lunes 26 al viernes 30 de junio. Los interesados podr\u00e1n hacer llegar las propuestas de personas o instituciones, que, por su destacada trayectoria c\u00edvica, sean potenciale acreedores del [&hellip;]<\/p>\n","protected":false},"author":1,"featured_media":47860,"comment_status":"open","ping_status":"open","sticky":false,"template":"","format":"standard","meta":{"om_disable_all_campaigns":false,"_monsterinsights_skip_tracking":false,"_monsterinsights_sitenote_active":false,"_monsterinsights_sitenote_note":"","_monsterinsights_sitenote_category":0,"_uf_show_specific_survey":0,"_uf_disable_surveys":false,"_jetpack_memberships_contains_paid_content":false,"footnotes":"","jetpack_publicize_message":"","jetpack_publicize_feature_enabled":true,"jetpack_social_post_already_shared":false,"jetpack_social_options":{"image_generator_settings":{"template":"highway","default_image_id":0,"enabled":false},"version":2}},"categories":[15],"tags":[],"class_list":{"0":"post-47859","1":"post","2":"type-post","3":"status-publish","4":"format-standard","5":"has-post-thumbnail","7":"category-michoacan"},"aioseo_notices":[],"jetpack_publicize_connections":[],"jetpack_featured_media_url":"https:\/\/mediagroup.mx\/wp-content\/uploads\/2023\/07\/WhatsApp-Image-2023-06-22-at-4.44.39-PM.jpeg","jetpack_sharing_enabled":true,"_links":{"self":[{"href":"https:\/\/mediagroup.mx\/index.php\/wp-json\/wp\/v2\/posts\/47859","targetHints":{"allow":["GET"]}}],"collection":[{"href":"https:\/\/mediagroup.mx\/index.php\/wp-json\/wp\/v2\/posts"}],"about":[{"href":"https:\/\/mediagroup.mx\/index.php\/wp-json\/wp\/v2\/types\/post"}],"author":[{"embeddable":true,"href":"https:\/\/mediagroup.mx\/index.php\/wp-json\/wp\/v2\/users\/1"}],"replies":[{"embeddable":true,"href":"https:\/\/mediagroup.mx\/index.php\/wp-json\/wp\/v2\/comments?post=47859"}],"version-history":[{"count":0,"href":"https:\/\/mediagroup.mx\/index.php\/wp-json\/wp\/v2\/posts\/47859\/revisions"}],"wp:featuredmedia":[{"embeddable":true,"href":"https:\/\/mediagroup.mx\/index.php\/wp-json\/wp\/v2\/media\/47860"}],"wp:attachment":[{"href":"https:\/\/mediagroup.mx\/index.php\/wp-json\/wp\/v2\/media?parent=47859"}],"wp:term":[{"taxonomy":"category","embeddable":true,"href":"https:\/\/mediagroup.mx\/index.php\/wp-json\/wp\/v2\/categories?post=47859"},{"taxonomy":"post_tag","embeddable":true,"href":"https:\/\/mediagroup.mx\/index.php\/wp-json\/wp\/v2\/tags?post=47859"}],"curies":[{"name":"wp","href":"https:\/\/api.w.org\/{rel}","templated":true}]}}