{"id":47869,"date":"2023-07-25T19:53:43","date_gmt":"2023-07-25T19:53:43","guid":{"rendered":"https:\/\/new.mediagroup.mx\/index.php\/2023\/07\/25\/la-ampliacion-de-la-autopista-siglo-xxi-sera-una-realidad-erendira-isauro\/"},"modified":"2023-07-25T19:53:43","modified_gmt":"2023-07-25T19:53:43","slug":"la-ampliacion-de-la-autopista-siglo-xxi-sera-una-realidad-erendira-isauro","status":"publish","type":"post","link":"https:\/\/mediagroup.mx\/index.php\/2023\/07\/25\/la-ampliacion-de-la-autopista-siglo-xxi-sera-una-realidad-erendira-isauro\/","title":{"rendered":"La ampliaci\u00f3n de la autopista Siglo XXI, ser\u00e1 una realidad; Erendira Isauro\u00a0\u00a0\u00a0\u00a0\u00a0"},"content":{"rendered":"<p style=\"text-align: justify;\">Tras considerar como un acierto el inicio de la ampliaci\u00f3n a cuatro carriles de la autopista Siglo XXI, la diputada local, Erendira Isauro Hern\u00e1ndez, celebr\u00f3 que este jueves el gobernador de Michoac\u00e1n, Alfredo Ram\u00edrez Bedolla y Jorge Nu\u00f1o Lara secretario de Infraestructura, Comunicaciones y Transportes (SCT), dieran el banderazo de salida a la obra que contempla 22 kil\u00f3metros de P\u00e1tzcuaro-Uruapan.<\/p>\n<p style=\"text-align: justify;\">La legisladora record\u00f3 que en octubre del 2022, present\u00f3 un exhorto ante el Pleno del Poder Legislativo, que hac\u00eda un llamado respetuoso a realizar las tareas necesarias para ampliar este tramo carretero; demanda que se sum\u00f3 a otras voces que exig\u00edan mejores condiciones de seguridad en esta v\u00eda de comunicaci\u00f3n.<\/p>\n<p style=\"text-align: justify;\">Por ello, reconoci\u00f3 la sensibilidad del Gobierno Federal y Estatal para atender las sentidas demandas ciudadanas, dar respuesta con esta acci\u00f3n contundente que permite que este tramo sea seguro para quienes transitan por ella.<\/p>\n<p style=\"text-align: justify;\">La diputada record\u00f3 que los usuarios de la autopista siglo XXI; indicaron que las principales causas que generan insatisfacci\u00f3n en los usuarios son los baches, ba\u00f1os sucios y estado f\u00edsico de la carretera.<\/p>\n<p style=\"text-align: justify;\">Pero el m\u00e1s preocupante es la cantidad de accidentes ocurridos en esta autopista, que obligaban o poner los ojos en este tema en particular, por lo que su ampliaci\u00f3n permitir\u00e1 evitar lo que hasta hoy en d\u00eda lamentablemente sigue ocurriendo, en ese tramo carretero, accidentes, p\u00e9rdidas materiales, pero sobre todo p\u00e9rdidas humanas.<\/p>\n<p style=\"text-align: justify;\">La legisladora reconoci\u00f3 los esfuerzos para dar respuesta a este exhorto y otros llamados del Poder Legislativo, y agreg\u00f3 que desde su trinchera acompa\u00f1ar\u00e1 al gobernador del Estado en la gesti\u00f3n y acciones que permitan tener m\u00e1s kil\u00f3metros ampliados, que es uno de los compromisos de esta administraci\u00f3n.<\/p>\n","protected":false},"excerpt":{"rendered":"<p>Tras considerar como un acierto el inicio de la ampliaci\u00f3n a cuatro carriles de la autopista Siglo XXI, la diputada local, Erendira Isauro Hern\u00e1ndez, celebr\u00f3 que este jueves el gobernador de Michoac\u00e1n, Alfredo Ram\u00edrez Bedolla y Jorge Nu\u00f1o Lara secretario de Infraestructura, Comunicaciones y Transportes (SCT), dieran el banderazo de salida a la obra que [&hellip;]<\/p>\n","protected":false},"author":1,"featured_media":47870,"comment_status":"open","ping_status":"open","sticky":false,"template":"","format":"standard","meta":{"om_disable_all_campaigns":false,"_monsterinsights_skip_tracking":false,"_monsterinsights_sitenote_active":false,"_monsterinsights_sitenote_note":"","_monsterinsights_sitenote_category":0,"_uf_show_specific_survey":0,"_uf_disable_surveys":false,"_jetpack_memberships_contains_paid_content":false,"footnotes":"","jetpack_publicize_message":"","jetpack_publicize_feature_enabled":true,"jetpack_social_post_already_shared":false,"jetpack_social_options":{"image_generator_settings":{"template":"highway","default_image_id":0,"enabled":false},"version":2}},"categories":[15],"tags":[],"class_list":{"0":"post-47869","1":"post","2":"type-post","3":"status-publish","4":"format-standard","5":"has-post-thumbnail","7":"category-michoacan"},"aioseo_notices":[],"jetpack_publicize_connections":[],"jetpack_featured_media_url":"https:\/\/mediagroup.mx\/wp-content\/uploads\/2023\/07\/WhatsApp-Image-2023-06-22-at-9.33.32-PM.jpeg","jetpack_sharing_enabled":true,"_links":{"self":[{"href":"https:\/\/mediagroup.mx\/index.php\/wp-json\/wp\/v2\/posts\/47869","targetHints":{"allow":["GET"]}}],"collection":[{"href":"https:\/\/mediagroup.mx\/index.php\/wp-json\/wp\/v2\/posts"}],"about":[{"href":"https:\/\/mediagroup.mx\/index.php\/wp-json\/wp\/v2\/types\/post"}],"author":[{"embeddable":true,"href":"https:\/\/mediagroup.mx\/index.php\/wp-json\/wp\/v2\/users\/1"}],"replies":[{"embeddable":true,"href":"https:\/\/mediagroup.mx\/index.php\/wp-json\/wp\/v2\/comments?post=47869"}],"version-history":[{"count":0,"href":"https:\/\/mediagroup.mx\/index.php\/wp-json\/wp\/v2\/posts\/47869\/revisions"}],"wp:featuredmedia":[{"embeddable":true,"href":"https:\/\/mediagroup.mx\/index.php\/wp-json\/wp\/v2\/media\/47870"}],"wp:attachment":[{"href":"https:\/\/mediagroup.mx\/index.php\/wp-json\/wp\/v2\/media?parent=47869"}],"wp:term":[{"taxonomy":"category","embeddable":true,"href":"https:\/\/mediagroup.mx\/index.php\/wp-json\/wp\/v2\/categories?post=47869"},{"taxonomy":"post_tag","embeddable":true,"href":"https:\/\/mediagroup.mx\/index.php\/wp-json\/wp\/v2\/tags?post=47869"}],"curies":[{"name":"wp","href":"https:\/\/api.w.org\/{rel}","templated":true}]}}