{"id":47873,"date":"2023-07-25T19:53:43","date_gmt":"2023-07-25T19:53:43","guid":{"rendered":"https:\/\/new.mediagroup.mx\/index.php\/2023\/07\/25\/necesario-fortalecer-la-politica-migratoria-en-michoacan-75-legislatura\/"},"modified":"2023-07-25T19:53:43","modified_gmt":"2023-07-25T19:53:43","slug":"necesario-fortalecer-la-politica-migratoria-en-michoacan-75-legislatura","status":"publish","type":"post","link":"https:\/\/mediagroup.mx\/index.php\/2023\/07\/25\/necesario-fortalecer-la-politica-migratoria-en-michoacan-75-legislatura\/","title":{"rendered":"Necesario fortalecer la pol\u00edtica migratoria en Michoac\u00e1n: 75 Legislatura"},"content":{"rendered":"<p style=\"text-align: justify;\">Es necesario fortalecer la pol\u00edtica migratoria para que, de manera efectiva, los \u00f3rganos del estado atiendan y protejan a los connacionales y sus familias en situaci\u00f3n de retorno al Estado.<\/p>\n<p style=\"text-align: justify;\">As\u00ed qued\u00f3 de manifiesto en el Pleno de la 75 Legislatura, tras aprobar el dictamen con proyecto de acuerdo en relaci\u00f3n al Plan de Desarrollo Integral 2021-2027, presentado por el titular del Ejecutivo del Estado, en materia de migraci\u00f3n.<\/p>\n<p style=\"text-align: justify;\">El proyecto de acuerdo, presentado por las y los diputados integrantes de la Comisi\u00f3n de Migraci\u00f3n, refiere que, con el prop\u00f3sito de contribuir a mejorar los derechos humanos de las personas migrantes, se analiz\u00f3 el Plan de Desarrollo Integral presentado por el Ejecutivo Estatal, en el que se establecen objetivos sectoriales, estrategias y l\u00edneas de acci\u00f3n, con metas e indicadores para evaluar su desempe\u00f1o y cumplimiento.<\/p>\n<p style=\"text-align: justify;\">Asimismo, analiz\u00f3 los apartados en los que se describen los criterios de transversalidad, que incidir\u00e1n en todas las pol\u00edticas p\u00fablicas de la administraci\u00f3n, teniendo como ejes transversales la inclusi\u00f3n e igualdad sustantiva y gobierno digital, honesto, eficaz y transparente, a favor de los grupos vulnerables.<\/p>\n<p style=\"text-align: justify;\">En ese sentido, una vez concluido el an\u00e1lisis del contenido de sus ejes fundamentales, la comisi\u00f3n dictaminadora determin\u00f3 que, para lograr una protecci\u00f3n genuina de los derechos humanos de las comunidades migrantes, se requiere la suma de esfuerzos y acciones desde todas y cada una de las dependencias p\u00fablicas, en el \u00e1mbito de sus atribuciones.<\/p>\n<p style=\"text-align: justify;\">De esta forma, se podr\u00e1 incidir y erradicar cualquier acto que atente o vulnere los derechos de las y los migrantes.<\/p>\n<p style=\"text-align: justify;\">Por lo tanto, es necesario que, en lo referente a la atenci\u00f3n de los migrantes y sus familias, se integren metas, plazos de ejecuci\u00f3n, responsabilidades y bases de coordinaci\u00f3n de las acciones, de conformidad con lo establecido en la Ley de Planeaci\u00f3n del Estado.<\/p>\n<p style=\"text-align: justify;\">De igual forma, refiere, la necesidad de que las acciones dirigidas a la atenci\u00f3n de los migrantes y sus familias en el \u00e1mbito educativo, salud, seguridad, laboral y econ\u00f3mico, sean concretas y cuantificables.<\/p>\n","protected":false},"excerpt":{"rendered":"<p>Es necesario fortalecer la pol\u00edtica migratoria para que, de manera efectiva, los \u00f3rganos del estado atiendan y protejan a los connacionales y sus familias en situaci\u00f3n de retorno al Estado. As\u00ed qued\u00f3 de manifiesto en el Pleno de la 75 Legislatura, tras aprobar el dictamen con proyecto de acuerdo en relaci\u00f3n al Plan de Desarrollo [&hellip;]<\/p>\n","protected":false},"author":1,"featured_media":47874,"comment_status":"open","ping_status":"open","sticky":false,"template":"","format":"standard","meta":{"om_disable_all_campaigns":false,"_monsterinsights_skip_tracking":false,"_monsterinsights_sitenote_active":false,"_monsterinsights_sitenote_note":"","_monsterinsights_sitenote_category":0,"_uf_show_specific_survey":0,"_uf_disable_surveys":false,"_jetpack_memberships_contains_paid_content":false,"footnotes":"","jetpack_publicize_message":"","jetpack_publicize_feature_enabled":true,"jetpack_social_post_already_shared":false,"jetpack_social_options":{"image_generator_settings":{"template":"highway","default_image_id":0,"enabled":false},"version":2}},"categories":[15],"tags":[],"class_list":{"0":"post-47873","1":"post","2":"type-post","3":"status-publish","4":"format-standard","5":"has-post-thumbnail","7":"category-michoacan"},"aioseo_notices":[],"jetpack_publicize_connections":[],"jetpack_featured_media_url":"https:\/\/mediagroup.mx\/wp-content\/uploads\/2023\/07\/WhatsApp-Image-2023-06-23-at-3.34.59-PM.jpeg","jetpack_sharing_enabled":true,"_links":{"self":[{"href":"https:\/\/mediagroup.mx\/index.php\/wp-json\/wp\/v2\/posts\/47873","targetHints":{"allow":["GET"]}}],"collection":[{"href":"https:\/\/mediagroup.mx\/index.php\/wp-json\/wp\/v2\/posts"}],"about":[{"href":"https:\/\/mediagroup.mx\/index.php\/wp-json\/wp\/v2\/types\/post"}],"author":[{"embeddable":true,"href":"https:\/\/mediagroup.mx\/index.php\/wp-json\/wp\/v2\/users\/1"}],"replies":[{"embeddable":true,"href":"https:\/\/mediagroup.mx\/index.php\/wp-json\/wp\/v2\/comments?post=47873"}],"version-history":[{"count":0,"href":"https:\/\/mediagroup.mx\/index.php\/wp-json\/wp\/v2\/posts\/47873\/revisions"}],"wp:featuredmedia":[{"embeddable":true,"href":"https:\/\/mediagroup.mx\/index.php\/wp-json\/wp\/v2\/media\/47874"}],"wp:attachment":[{"href":"https:\/\/mediagroup.mx\/index.php\/wp-json\/wp\/v2\/media?parent=47873"}],"wp:term":[{"taxonomy":"category","embeddable":true,"href":"https:\/\/mediagroup.mx\/index.php\/wp-json\/wp\/v2\/categories?post=47873"},{"taxonomy":"post_tag","embeddable":true,"href":"https:\/\/mediagroup.mx\/index.php\/wp-json\/wp\/v2\/tags?post=47873"}],"curies":[{"name":"wp","href":"https:\/\/api.w.org\/{rel}","templated":true}]}}