{"id":47909,"date":"2023-07-25T19:54:08","date_gmt":"2023-07-25T19:54:08","guid":{"rendered":"https:\/\/new.mediagroup.mx\/index.php\/2023\/07\/25\/garantiza-75-legislatura-atencion-al-desarrollo-de-la-personalidad-de-ninos-y-adolescentes\/"},"modified":"2023-07-25T19:54:08","modified_gmt":"2023-07-25T19:54:08","slug":"garantiza-75-legislatura-atencion-al-desarrollo-de-la-personalidad-de-ninos-y-adolescentes","status":"publish","type":"post","link":"https:\/\/mediagroup.mx\/index.php\/2023\/07\/25\/garantiza-75-legislatura-atencion-al-desarrollo-de-la-personalidad-de-ninos-y-adolescentes\/","title":{"rendered":"Garantiza 75 Legislatura atenci\u00f3n al desarrollo de la personalidad de ni\u00f1os y adolescentes"},"content":{"rendered":"<p style=\"text-align: justify;\">La 75 Legislatura vot\u00f3 a favor de reformar el art\u00edculo 7 de la Ley de los Derechos de Ni\u00f1as, Ni\u00f1os y Adolescentes del Estado, para garantizar la atenci\u00f3n a su desarrollo evolutivo con respeto a una plena independencia y libertad de decisiones, basada en sus aptitudes y capacidad mental y f\u00edsica, al establecer el principio de elecci\u00f3n de su profesi\u00f3n, pasatiempos, estudios o actividad laboral.<\/p>\n<p style=\"text-align: justify;\">Se trata de garantizar los derechos intr\u00ednsecos que tienen la infancia y adolescencia, siendo obligaci\u00f3n del Estado garantizar ese desarrollo fundamental, se argument\u00f3 en el dictamen presentado por la Comisi\u00f3n de Derechos Humanos.<\/p>\n<p style=\"text-align: justify;\">La reforma avalada por unanimidad por el Pleno del Poder Legislativo, ser\u00e1 una herramienta m\u00e1s para lograr una verdadera y completa tutela de derechos de estos sectores sociales.<\/p>\n<p style=\"text-align: justify;\">\u201cGarantizar la plena independencia en sus aptitudes y capacidad mental y f\u00edsica de ni\u00f1as, ni\u00f1os y adolescentes, representa que ellos logren un mejor progreso en su vida cotidiana, generando indicadores \u00f3ptimos de desarrollo y emocionales, as\u00ed como un m\u00e1ximo crecimiento social y psicol\u00f3gico\u201d, fundamenta el decreto.<\/p>\n<p style=\"text-align: justify;\">Para concluir, las y los legisladores refrendaron su compromiso de generar herramientas jur\u00eddicas y las medidas razonables, para que las autoridades de los tres niveles de gobierno tutelen y garanticen dichos derechos, preponderando en todo momento el inter\u00e9s superior de la ni\u00f1ez.<\/p>\n","protected":false},"excerpt":{"rendered":"<p>La 75 Legislatura vot\u00f3 a favor de reformar el art\u00edculo 7 de la Ley de los Derechos de Ni\u00f1as, Ni\u00f1os y Adolescentes del Estado, para garantizar la atenci\u00f3n a su desarrollo evolutivo con respeto a una plena independencia y libertad de decisiones, basada en sus aptitudes y capacidad mental y f\u00edsica, al establecer el principio [&hellip;]<\/p>\n","protected":false},"author":1,"featured_media":47910,"comment_status":"open","ping_status":"open","sticky":false,"template":"","format":"standard","meta":{"om_disable_all_campaigns":false,"_monsterinsights_skip_tracking":false,"_monsterinsights_sitenote_active":false,"_monsterinsights_sitenote_note":"","_monsterinsights_sitenote_category":0,"_uf_show_specific_survey":0,"_uf_disable_surveys":false,"_jetpack_memberships_contains_paid_content":false,"footnotes":"","jetpack_publicize_message":"","jetpack_publicize_feature_enabled":true,"jetpack_social_post_already_shared":false,"jetpack_social_options":{"image_generator_settings":{"template":"highway","default_image_id":0,"enabled":false},"version":2}},"categories":[15],"tags":[],"class_list":{"0":"post-47909","1":"post","2":"type-post","3":"status-publish","4":"format-standard","5":"has-post-thumbnail","7":"category-michoacan"},"aioseo_notices":[],"jetpack_publicize_connections":[],"jetpack_featured_media_url":"https:\/\/mediagroup.mx\/wp-content\/uploads\/2023\/07\/WhatsApp-Image-2023-06-25-at-5.04.14-PM.jpeg","jetpack_sharing_enabled":true,"_links":{"self":[{"href":"https:\/\/mediagroup.mx\/index.php\/wp-json\/wp\/v2\/posts\/47909","targetHints":{"allow":["GET"]}}],"collection":[{"href":"https:\/\/mediagroup.mx\/index.php\/wp-json\/wp\/v2\/posts"}],"about":[{"href":"https:\/\/mediagroup.mx\/index.php\/wp-json\/wp\/v2\/types\/post"}],"author":[{"embeddable":true,"href":"https:\/\/mediagroup.mx\/index.php\/wp-json\/wp\/v2\/users\/1"}],"replies":[{"embeddable":true,"href":"https:\/\/mediagroup.mx\/index.php\/wp-json\/wp\/v2\/comments?post=47909"}],"version-history":[{"count":0,"href":"https:\/\/mediagroup.mx\/index.php\/wp-json\/wp\/v2\/posts\/47909\/revisions"}],"wp:featuredmedia":[{"embeddable":true,"href":"https:\/\/mediagroup.mx\/index.php\/wp-json\/wp\/v2\/media\/47910"}],"wp:attachment":[{"href":"https:\/\/mediagroup.mx\/index.php\/wp-json\/wp\/v2\/media?parent=47909"}],"wp:term":[{"taxonomy":"category","embeddable":true,"href":"https:\/\/mediagroup.mx\/index.php\/wp-json\/wp\/v2\/categories?post=47909"},{"taxonomy":"post_tag","embeddable":true,"href":"https:\/\/mediagroup.mx\/index.php\/wp-json\/wp\/v2\/tags?post=47909"}],"curies":[{"name":"wp","href":"https:\/\/api.w.org\/{rel}","templated":true}]}}