{"id":48271,"date":"2023-08-02T07:01:24","date_gmt":"2023-08-02T07:01:24","guid":{"rendered":"https:\/\/mediagroup.mx\/?p=48271"},"modified":"2023-08-02T07:01:24","modified_gmt":"2023-08-02T07:01:24","slug":"menor-resulta-herido-tras-ser-atropellado-por-el-tren-en-morelia","status":"publish","type":"post","link":"https:\/\/mediagroup.mx\/index.php\/2023\/08\/02\/menor-resulta-herido-tras-ser-atropellado-por-el-tren-en-morelia\/","title":{"rendered":"Menor resulta herido tras ser atropellado por el tren en Morelia"},"content":{"rendered":"<p style=\"text-align: justify;\">Un ni\u00f1o qued\u00f3 lesionado tras ser atropellado por el tren en la colonia La Garita, ubicada en la ciudad de Morelia, informaron fuentes policiales.<\/p>\n<p style=\"text-align: justify;\">El hecho se registr\u00f3 durante la tarde de ayer martes en las v\u00edas f\u00e9rreas y cerca de la calle Venustiano Carranza casi esquina con Gustavo A. Madero.<\/p>\n<p style=\"text-align: justify;\">Trascendi\u00f3 que el menor responde al nombre de Josu\u00e9, de 10 a\u00f1os de edad, quien sufri\u00f3 heridas en las piernas, al parecer fracturas.<\/p>\n<p style=\"text-align: justify;\">Unos param\u00e9dicos canalizaron al paciente a un hospital para su adecuada atenci\u00f3n m\u00e9dica. Asimismo, en las labores de ayuda participaron los oficiales municipales.<\/p>\n","protected":false},"excerpt":{"rendered":"<p>Un ni\u00f1o qued\u00f3 lesionado tras ser atropellado por el tren en la colonia La Garita, ubicada en la ciudad de Morelia, informaron fuentes policiales. El hecho se registr\u00f3 durante la tarde de ayer martes en las v\u00edas f\u00e9rreas y cerca de la calle Venustiano Carranza casi esquina con Gustavo A. Madero. Trascendi\u00f3 que el menor [&hellip;]<\/p>\n","protected":false},"author":2,"featured_media":48272,"comment_status":"open","ping_status":"open","sticky":false,"template":"","format":"standard","meta":{"om_disable_all_campaigns":false,"_monsterinsights_skip_tracking":false,"_monsterinsights_sitenote_active":false,"_monsterinsights_sitenote_note":"","_monsterinsights_sitenote_category":0,"_uf_show_specific_survey":0,"_uf_disable_surveys":false,"_jetpack_memberships_contains_paid_content":false,"footnotes":"","jetpack_publicize_message":"Menor resulta herido tras ser atropellado por el tren en Morelia","jetpack_publicize_feature_enabled":true,"jetpack_social_post_already_shared":true,"jetpack_social_options":{"image_generator_settings":{"template":"highway","default_image_id":0,"enabled":false},"version":2}},"categories":[24],"tags":[],"class_list":{"0":"post-48271","1":"post","2":"type-post","3":"status-publish","4":"format-standard","5":"has-post-thumbnail","7":"category-seguridad"},"aioseo_notices":[],"jetpack_publicize_connections":[],"jetpack_featured_media_url":"https:\/\/mediagroup.mx\/wp-content\/uploads\/2023\/08\/WhatsApp-Image-2023-08-02-at-1.09.09-AM.jpeg","jetpack_sharing_enabled":true,"_links":{"self":[{"href":"https:\/\/mediagroup.mx\/index.php\/wp-json\/wp\/v2\/posts\/48271","targetHints":{"allow":["GET"]}}],"collection":[{"href":"https:\/\/mediagroup.mx\/index.php\/wp-json\/wp\/v2\/posts"}],"about":[{"href":"https:\/\/mediagroup.mx\/index.php\/wp-json\/wp\/v2\/types\/post"}],"author":[{"embeddable":true,"href":"https:\/\/mediagroup.mx\/index.php\/wp-json\/wp\/v2\/users\/2"}],"replies":[{"embeddable":true,"href":"https:\/\/mediagroup.mx\/index.php\/wp-json\/wp\/v2\/comments?post=48271"}],"version-history":[{"count":1,"href":"https:\/\/mediagroup.mx\/index.php\/wp-json\/wp\/v2\/posts\/48271\/revisions"}],"predecessor-version":[{"id":48273,"href":"https:\/\/mediagroup.mx\/index.php\/wp-json\/wp\/v2\/posts\/48271\/revisions\/48273"}],"wp:featuredmedia":[{"embeddable":true,"href":"https:\/\/mediagroup.mx\/index.php\/wp-json\/wp\/v2\/media\/48272"}],"wp:attachment":[{"href":"https:\/\/mediagroup.mx\/index.php\/wp-json\/wp\/v2\/media?parent=48271"}],"wp:term":[{"taxonomy":"category","embeddable":true,"href":"https:\/\/mediagroup.mx\/index.php\/wp-json\/wp\/v2\/categories?post=48271"},{"taxonomy":"post_tag","embeddable":true,"href":"https:\/\/mediagroup.mx\/index.php\/wp-json\/wp\/v2\/tags?post=48271"}],"curies":[{"name":"wp","href":"https:\/\/api.w.org\/{rel}","templated":true}]}}