{"id":48275,"date":"2023-08-02T23:58:05","date_gmt":"2023-08-02T23:58:05","guid":{"rendered":"https:\/\/mediagroup.mx\/?p=48275"},"modified":"2023-08-02T23:58:05","modified_gmt":"2023-08-02T23:58:05","slug":"universidades-dispuestas-a-contribuir-en-la-generacion-de-politicas-publicas","status":"publish","type":"post","link":"https:\/\/mediagroup.mx\/index.php\/2023\/08\/02\/universidades-dispuestas-a-contribuir-en-la-generacion-de-politicas-publicas\/","title":{"rendered":"Universidades, dispuestas a contribuir en la generaci\u00f3n de pol\u00edticas p\u00fablicas"},"content":{"rendered":"<p style=\"text-align: justify;\">La Red Juntos por Michoac\u00e1n est\u00e1 dispuesta a contribuir en la generaci\u00f3n de pol\u00edticas p\u00fablicas que construyan una mejor entidad, se\u00f1al\u00f3 la rectora de la Universidad Michoacana de San Nicol\u00e1s de Hidalgo (UMSNH) y presidenta del organismo, Yarab\u00ed \u00c1vila Gonz\u00e1lez, durante la entrega de los reactivos al Congreso del Estado para la elecci\u00f3n de Auditor Superior.<\/p>\n<p>La presidenta de la Mesa Directiva del Poder Legislativo, Julieta Garc\u00eda Zepeda, recibi\u00f3 el sobre cerrado con los reactivos, con la presencia de los rectores de las Universidades de Morelia, Vasco de Quiroga y La Salle, Pedro Ch\u00e1vez Villa, Jos\u00e9 Antonio Herrera Jim\u00e9nez y Jes\u00fas V\u00e1zquez Estupi\u00f1\u00e1n, respectivamente.<\/p>\n<p>Yarab\u00ed \u00c1vila agradeci\u00f3 al Congreso Local por la confianza depositada en la Red, que dijo, es un conjunto de instituciones que trabajan d\u00eda a d\u00eda en un verdadero equipo que busca la calidad educativa.<\/p>\n<p>Detall\u00f3 que la estrategia que se sigui\u00f3 para elaborar dichos reactivos fue mediante la coordinaci\u00f3n de las instituciones participantes, a trav\u00e9s de sus profesores o profesoras, a quienes se procedi\u00f3 a proponerles el temario que se podr\u00eda desarrollar, abordando temas como: Constituci\u00f3n Pol\u00edtica de los Estado Unidos Mexicanos; Constituci\u00f3n Pol\u00edtica del Estado de Michoac\u00e1n de Ocampo; Ley General de Contabilidad Gubernamental; Ley de Disciplina Financiera de las Entidades Federativas y Municipios; Ley de Fiscalizaci\u00f3n y Rendici\u00f3n de Cuentas de la Federaci\u00f3n y Ley General de Responsabilidades Administrativas, por mencionar algunos.<\/p>\n<p>\u201cRecibimos la invitaci\u00f3n por parte del Congreso del Estado para poder colaborar de manera coordinada, siempre en un esquema de transparencia, en un esquema de colaboraci\u00f3n hasta donde nuestras atribuciones nos se\u00f1alan\u201d.<\/p>\n<p>La rectora precis\u00f3 que se trabaj\u00f3 con suma discreci\u00f3n, y la responsabilidad de las universidades ser\u00e1 \u00fanicamente hasta el momento de entregar las bater\u00edas de preguntas. \u201cLas respuestas est\u00e1n dentro del sobre, el procedimiento ya corresponde al Congreso del Estado\u201d.<\/p>\n<p>En su turno, la diputada Local, Julieta Garc\u00eda Zepeda, agradeci\u00f3 la presencia de las y los representantes de las diversas universidades, al se\u00f1alar que la vinculaci\u00f3n que han decidido establecer a trav\u00e9s de la Red, es ejemplo de la colaboraci\u00f3n y del trabajo en conjunto que tanto ayuda a Michoac\u00e1n.<\/p>\n<p>\u201cSu participaci\u00f3n en el proceso de elecci\u00f3n del Auditor Superior fue de la mayor relevancia, los reactivos que ustedes construyeron se aplicar\u00e1n a quienes aspiren a ocupar el cargo y su calificaci\u00f3n ser\u00e1 el criterio de evaluaci\u00f3n m\u00e1s importante a la hora de formar una terna, les comparto que la entrega se har\u00e1 a la Junta de Coordinaci\u00f3n Pol\u00edtica y posteriormente notificar\u00e9 al Gobernador del Estado de Michoac\u00e1n para proceder a la publicaci\u00f3n de la convocatoria respectiva\u201d.<\/p>\n<p>Una vez que la legisladora detall\u00f3 el proceso que se realizar\u00e1 para la elecci\u00f3n de titular de la Auditor\u00eda Superior, reiter\u00f3 su agradecimiento a las universidades por el apoyo t\u00e9cnico y profesional que brindaron. \u201cY qu\u00e9 mejor, que tener la oportunidad de hacerlo frente a quienes participaron directamente en este trabajo y que hoy nos acompa\u00f1an. El Congreso del Estado les agradece esta colaboraci\u00f3n que har\u00e1 historia en Michoac\u00e1n, muchas gracias\u201d.<\/p>\n<p>Durante el evento tambi\u00e9n se cont\u00f3 con la presencia de la profesora y profesores de las Universidades Latina de Am\u00e9rica, Michoacana de San Nicol\u00e1s de Hidalgo, Vasco de Quiroga, de La Salle, de Morelia y del Tecnol\u00f3gico de Monterrey, Ana Cristina Ferreira Ferreria, Jos\u00e9 Joaqu\u00edn Jarqu\u00edn, Alberto Olivares Flores, Ramiro Soriano del Toro, Ra\u00fal \u00c1ngel Garc\u00eda y Jos\u00e9 Luis Cervantes Guti\u00e9rrez, respectivamente, quienes participaron en la elaboraci\u00f3n de reactivos.<\/p>\n<p>Asisti\u00f3 tambi\u00e9n el maestro Romero Amauri L\u00f3pez Calder\u00f3n, en representaci\u00f3n del rector de la Universidad Latina de Am\u00e9rica, Jes\u00fas Vivanco Rodr\u00edguez y la maestra Judith Herrej\u00f3n, en representaci\u00f3n del director del Instituto Tecnol\u00f3gico y de Estudios Superiores de Monterrey campus Morelia, Randall Coffie.<\/p>\n","protected":false},"excerpt":{"rendered":"<p>La Red Juntos por Michoac\u00e1n est\u00e1 dispuesta a contribuir en la generaci\u00f3n de pol\u00edticas p\u00fablicas que construyan una mejor entidad, se\u00f1al\u00f3 la rectora de la Universidad Michoacana de San Nicol\u00e1s de Hidalgo (UMSNH) y presidenta del organismo, Yarab\u00ed \u00c1vila Gonz\u00e1lez, durante la entrega de los reactivos al Congreso del Estado para la elecci\u00f3n de Auditor [&hellip;]<\/p>\n","protected":false},"author":2,"featured_media":48276,"comment_status":"open","ping_status":"open","sticky":false,"template":"","format":"standard","meta":{"om_disable_all_campaigns":false,"_monsterinsights_skip_tracking":false,"_monsterinsights_sitenote_active":false,"_monsterinsights_sitenote_note":"","_monsterinsights_sitenote_category":0,"_uf_show_specific_survey":0,"_uf_disable_surveys":false,"_jetpack_memberships_contains_paid_content":false,"footnotes":"","jetpack_publicize_message":"Universidades, dispuestas a contribuir en la generaci\u00f3n de pol\u00edticas p\u00fablicas","jetpack_publicize_feature_enabled":true,"jetpack_social_post_already_shared":true,"jetpack_social_options":{"image_generator_settings":{"template":"highway","default_image_id":0,"enabled":false},"version":2}},"categories":[22],"tags":[],"class_list":{"0":"post-48275","1":"post","2":"type-post","3":"status-publish","4":"format-standard","5":"has-post-thumbnail","7":"category-educacion"},"aioseo_notices":[],"jetpack_publicize_connections":[],"jetpack_featured_media_url":"https:\/\/mediagroup.mx\/wp-content\/uploads\/2023\/08\/WhatsApp-Image-2023-08-01-at-2.31.11-PM.jpeg","jetpack_sharing_enabled":true,"_links":{"self":[{"href":"https:\/\/mediagroup.mx\/index.php\/wp-json\/wp\/v2\/posts\/48275","targetHints":{"allow":["GET"]}}],"collection":[{"href":"https:\/\/mediagroup.mx\/index.php\/wp-json\/wp\/v2\/posts"}],"about":[{"href":"https:\/\/mediagroup.mx\/index.php\/wp-json\/wp\/v2\/types\/post"}],"author":[{"embeddable":true,"href":"https:\/\/mediagroup.mx\/index.php\/wp-json\/wp\/v2\/users\/2"}],"replies":[{"embeddable":true,"href":"https:\/\/mediagroup.mx\/index.php\/wp-json\/wp\/v2\/comments?post=48275"}],"version-history":[{"count":1,"href":"https:\/\/mediagroup.mx\/index.php\/wp-json\/wp\/v2\/posts\/48275\/revisions"}],"predecessor-version":[{"id":48277,"href":"https:\/\/mediagroup.mx\/index.php\/wp-json\/wp\/v2\/posts\/48275\/revisions\/48277"}],"wp:featuredmedia":[{"embeddable":true,"href":"https:\/\/mediagroup.mx\/index.php\/wp-json\/wp\/v2\/media\/48276"}],"wp:attachment":[{"href":"https:\/\/mediagroup.mx\/index.php\/wp-json\/wp\/v2\/media?parent=48275"}],"wp:term":[{"taxonomy":"category","embeddable":true,"href":"https:\/\/mediagroup.mx\/index.php\/wp-json\/wp\/v2\/categories?post=48275"},{"taxonomy":"post_tag","embeddable":true,"href":"https:\/\/mediagroup.mx\/index.php\/wp-json\/wp\/v2\/tags?post=48275"}],"curies":[{"name":"wp","href":"https:\/\/api.w.org\/{rel}","templated":true}]}}