{"id":48942,"date":"2023-09-01T00:37:54","date_gmt":"2023-09-01T00:37:54","guid":{"rendered":"https:\/\/mediagroup.mx\/?p=48942"},"modified":"2023-09-01T00:37:54","modified_gmt":"2023-09-01T00:37:54","slug":"garantiza-gobierno-del-estado-cierre-de-ano-sin-adeudos","status":"publish","type":"post","link":"https:\/\/mediagroup.mx\/index.php\/2023\/09\/01\/garantiza-gobierno-del-estado-cierre-de-ano-sin-adeudos\/","title":{"rendered":"Garantiza Gobierno del Estado cierre de a\u00f1o sin adeudos"},"content":{"rendered":"<p style=\"text-align: justify;\">Autoridades del gobierno estatal, aseguraron que Michoac\u00e1n, tendr\u00e1 un cierre de a\u00f1o sin adeudos ni falta de recursos, ello, gracias al buen manejo administrativo y \u201cla honestidad\u201d en el uso de las finanzas.<\/p>\n<p style=\"text-align: justify;\">Cuestionado al respecto, el secretario de Finanzas, Luis Navarro Garc\u00eda, afirm\u00f3 que no habr\u00e1 dificultades para el cuarto cuatrimestre de este 2023, contrario a lo que ocurr\u00eda com\u00fanmente en los \u00faltimos meses del a\u00f1o.<\/p>\n<p>Por su parte el gobernador Alfredo Ram\u00edrez Bedolla, record\u00f3 que antes de su llegada al ejecutivo estatal, era recurrente falta de recursos a partir de meses como septiembre y octubre, pues ahora, se cumplir\u00e1n todos los compromisos a pesar del d\u00e9ficit heredado de otras administraciones.<\/p>\n<p>Por: Oscar Mendoza<\/p>\n","protected":false},"excerpt":{"rendered":"<p>Autoridades del gobierno estatal, aseguraron que Michoac\u00e1n, tendr\u00e1 un cierre de a\u00f1o sin adeudos ni falta de recursos, ello, gracias al buen manejo administrativo y \u201cla honestidad\u201d en el uso de las finanzas. Cuestionado al respecto, el secretario de Finanzas, Luis Navarro Garc\u00eda, afirm\u00f3 que no habr\u00e1 dificultades para el cuarto cuatrimestre de este 2023, [&hellip;]<\/p>\n","protected":false},"author":2,"featured_media":48943,"comment_status":"open","ping_status":"open","sticky":false,"template":"","format":"standard","meta":{"om_disable_all_campaigns":false,"_monsterinsights_skip_tracking":false,"_monsterinsights_sitenote_active":false,"_monsterinsights_sitenote_note":"","_monsterinsights_sitenote_category":0,"_uf_show_specific_survey":0,"_uf_disable_surveys":false,"_jetpack_memberships_contains_paid_content":false,"footnotes":"","jetpack_publicize_message":"Garantiza Gobierno del Estado cierre de a\u00f1o sin adeudos","jetpack_publicize_feature_enabled":true,"jetpack_social_post_already_shared":true,"jetpack_social_options":{"image_generator_settings":{"template":"highway","default_image_id":0,"enabled":false},"version":2}},"categories":[15],"tags":[],"class_list":{"0":"post-48942","1":"post","2":"type-post","3":"status-publish","4":"format-standard","5":"has-post-thumbnail","7":"category-michoacan"},"aioseo_notices":[],"jetpack_publicize_connections":[],"jetpack_featured_media_url":"https:\/\/mediagroup.mx\/wp-content\/uploads\/2023\/09\/WhatsApp-Image-2023-08-31-at-3.54.33-PM.jpeg","jetpack_sharing_enabled":true,"_links":{"self":[{"href":"https:\/\/mediagroup.mx\/index.php\/wp-json\/wp\/v2\/posts\/48942","targetHints":{"allow":["GET"]}}],"collection":[{"href":"https:\/\/mediagroup.mx\/index.php\/wp-json\/wp\/v2\/posts"}],"about":[{"href":"https:\/\/mediagroup.mx\/index.php\/wp-json\/wp\/v2\/types\/post"}],"author":[{"embeddable":true,"href":"https:\/\/mediagroup.mx\/index.php\/wp-json\/wp\/v2\/users\/2"}],"replies":[{"embeddable":true,"href":"https:\/\/mediagroup.mx\/index.php\/wp-json\/wp\/v2\/comments?post=48942"}],"version-history":[{"count":1,"href":"https:\/\/mediagroup.mx\/index.php\/wp-json\/wp\/v2\/posts\/48942\/revisions"}],"predecessor-version":[{"id":48944,"href":"https:\/\/mediagroup.mx\/index.php\/wp-json\/wp\/v2\/posts\/48942\/revisions\/48944"}],"wp:featuredmedia":[{"embeddable":true,"href":"https:\/\/mediagroup.mx\/index.php\/wp-json\/wp\/v2\/media\/48943"}],"wp:attachment":[{"href":"https:\/\/mediagroup.mx\/index.php\/wp-json\/wp\/v2\/media?parent=48942"}],"wp:term":[{"taxonomy":"category","embeddable":true,"href":"https:\/\/mediagroup.mx\/index.php\/wp-json\/wp\/v2\/categories?post=48942"},{"taxonomy":"post_tag","embeddable":true,"href":"https:\/\/mediagroup.mx\/index.php\/wp-json\/wp\/v2\/tags?post=48942"}],"curies":[{"name":"wp","href":"https:\/\/api.w.org\/{rel}","templated":true}]}}