{"id":48954,"date":"2023-09-01T05:50:32","date_gmt":"2023-09-01T05:50:32","guid":{"rendered":"https:\/\/mediagroup.mx\/?p=48954"},"modified":"2023-09-01T05:50:32","modified_gmt":"2023-09-01T05:50:32","slug":"pareja-es-asesinada-a-balazos-en-villas-de-la-loma-morelia","status":"publish","type":"post","link":"https:\/\/mediagroup.mx\/index.php\/2023\/09\/01\/pareja-es-asesinada-a-balazos-en-villas-de-la-loma-morelia\/","title":{"rendered":"Pareja es asesinada a balazos en Villas de la Loma, Morelia"},"content":{"rendered":"<p>Una pareja fue asesinada a balazos en el fraccionamiento Villas de la Loma, ubicado al poniente de Morelia, informaron autoridades policiales.<\/p>\n<p>El hecho ocurri\u00f3 durante la noche de este jueves sobre la calle De la Tierra. Unos vecinos \u00fanicamente escucharon varios disparos y los reportaron al n\u00famero de emergencias, trascendi\u00f3 en la labor noticiosa.<\/p>\n<p>En el sitio se presentaron patrulleros municipales, quienes encontraron a las v\u00edctimas, las cuales ya no ten\u00edan signos vitales y se le apreciaron heridas de proyectil de arma de fuego.<\/p>\n<p>Se supo que los fallecidos respond\u00edan a los nombres de Minerva y Ezequiel, ambos ten\u00edan entre 45 y 50 a\u00f1os de edad. Los oficiales acordonaron el \u00e1rea y pidieron la intervenci\u00f3n de la Fiscal\u00eda General del Estado (FGE).<\/p>\n<p>La Unidad de Servicios Periciales y Escena del Crimen (USPEC) se encarg\u00f3 de las primeras investigaciones y traslad\u00f3 los cad\u00e1veres a la morgue para la pr\u00e1ctica de la necropsia de rigor.<\/p>\n","protected":false},"excerpt":{"rendered":"<p>Una pareja fue asesinada a balazos en el fraccionamiento Villas de la Loma, ubicado al poniente de Morelia, informaron autoridades policiales. El hecho ocurri\u00f3 durante la noche de este jueves sobre la calle De la Tierra. Unos vecinos \u00fanicamente escucharon varios disparos y los reportaron al n\u00famero de emergencias, trascendi\u00f3 en la labor noticiosa. En [&hellip;]<\/p>\n","protected":false},"author":2,"featured_media":48955,"comment_status":"open","ping_status":"open","sticky":false,"template":"","format":"standard","meta":{"om_disable_all_campaigns":false,"_monsterinsights_skip_tracking":false,"_monsterinsights_sitenote_active":false,"_monsterinsights_sitenote_note":"","_monsterinsights_sitenote_category":0,"_uf_show_specific_survey":0,"_uf_disable_surveys":false,"_jetpack_memberships_contains_paid_content":false,"footnotes":"","jetpack_publicize_message":"Pareja es asesinada a balazos en Villas de la Loma, Morelia","jetpack_publicize_feature_enabled":true,"jetpack_social_post_already_shared":true,"jetpack_social_options":{"image_generator_settings":{"template":"highway","default_image_id":0,"enabled":false},"version":2}},"categories":[24],"tags":[],"class_list":{"0":"post-48954","1":"post","2":"type-post","3":"status-publish","4":"format-standard","5":"has-post-thumbnail","7":"category-seguridad"},"aioseo_notices":[],"jetpack_publicize_connections":[],"jetpack_featured_media_url":"https:\/\/mediagroup.mx\/wp-content\/uploads\/2023\/09\/ee55d129-f4cb-4b99-9376-096c6e6461a1.jpeg","jetpack_sharing_enabled":true,"_links":{"self":[{"href":"https:\/\/mediagroup.mx\/index.php\/wp-json\/wp\/v2\/posts\/48954","targetHints":{"allow":["GET"]}}],"collection":[{"href":"https:\/\/mediagroup.mx\/index.php\/wp-json\/wp\/v2\/posts"}],"about":[{"href":"https:\/\/mediagroup.mx\/index.php\/wp-json\/wp\/v2\/types\/post"}],"author":[{"embeddable":true,"href":"https:\/\/mediagroup.mx\/index.php\/wp-json\/wp\/v2\/users\/2"}],"replies":[{"embeddable":true,"href":"https:\/\/mediagroup.mx\/index.php\/wp-json\/wp\/v2\/comments?post=48954"}],"version-history":[{"count":1,"href":"https:\/\/mediagroup.mx\/index.php\/wp-json\/wp\/v2\/posts\/48954\/revisions"}],"predecessor-version":[{"id":48956,"href":"https:\/\/mediagroup.mx\/index.php\/wp-json\/wp\/v2\/posts\/48954\/revisions\/48956"}],"wp:featuredmedia":[{"embeddable":true,"href":"https:\/\/mediagroup.mx\/index.php\/wp-json\/wp\/v2\/media\/48955"}],"wp:attachment":[{"href":"https:\/\/mediagroup.mx\/index.php\/wp-json\/wp\/v2\/media?parent=48954"}],"wp:term":[{"taxonomy":"category","embeddable":true,"href":"https:\/\/mediagroup.mx\/index.php\/wp-json\/wp\/v2\/categories?post=48954"},{"taxonomy":"post_tag","embeddable":true,"href":"https:\/\/mediagroup.mx\/index.php\/wp-json\/wp\/v2\/tags?post=48954"}],"curies":[{"name":"wp","href":"https:\/\/api.w.org\/{rel}","templated":true}]}}