{"id":48957,"date":"2023-09-01T21:23:52","date_gmt":"2023-09-01T21:23:52","guid":{"rendered":"https:\/\/mediagroup.mx\/?p=48957"},"modified":"2023-09-01T21:23:52","modified_gmt":"2023-09-01T21:23:52","slug":"umsnh-cuna-ideologica-de-la-independencia-de-mexico","status":"publish","type":"post","link":"https:\/\/mediagroup.mx\/index.php\/2023\/09\/01\/umsnh-cuna-ideologica-de-la-independencia-de-mexico\/","title":{"rendered":"UMSNH, cuna ideol\u00f3gica de la Independencia de M\u00e9xico"},"content":{"rendered":"<p>\u201cHoy, la trinchera que nos toca defender se da en estas aulas, en estos pasillos, en estos libros y por, sobre todo, en estas mentes, que en alg\u00fan futuro gestar\u00e1n a los pr\u00f3ceres del ma\u00f1ana. Que nuestra lucha engrandezca la memoria de Hidalgo y Morelos, en los terrenos del conocimiento, la tolerancia, el bien social y el bienestar para las generaciones futuras\u201d, indic\u00f3 el secretario general de la Universidad Michoacana de San Nicol\u00e1s de Hidalgo (UMSNH), Javier Cervantes Rodr\u00edguez, durante el izamiento de Bandera conmemorativo al inicio del mes Patrio.<\/p>\n<p>Con la representaci\u00f3n de la rectora, Yarab\u00ed \u00c1vila Gonz\u00e1lez, y flanqueado por las y los integrantes del Gabinete nicolaita, el funcionario indic\u00f3 que la M\u00e1xima Casa de Estudios fue cuna de la Independencia y del origen del M\u00e9xico libre, tras recordar que, en sus remotos inicios, la UMSNH fue precedida por el Colegio de San Nicol\u00e1s Obispo, que en 1765 acogi\u00f3 al peque\u00f1o Miguel Gregorio Antonio Ignacio Hidalgo y Costilla Gallaga Mandarte y Villase\u00f1or, de apenas 12 a\u00f1os.<\/p>\n<p>Indic\u00f3 que fue en los claustros del Colegio donde el Padre de la Patria estructur\u00f3 su pensamiento nacionalista y anti tir\u00e1nico, agreg\u00f3 que, las batallas, el sacrificio, pero por, sobre todo las victorias del rector Hidalgo le dan forma, no solamente al M\u00e9xico que nos abriga y define, sino tambi\u00e9n a la Universidad Michoacana, que forja sus estatutos en el pensamiento de este pr\u00f3cer.<\/p>\n<p>\u201cA doscientos trece a\u00f1os de distancia, universitarios y universitarias que me prestan su o\u00eddo, les quiero recordar que nuestro modelo y gu\u00eda es Don Miguel Hidalgo y Costilla. Debemos siempre recordar y actuar con esta convicci\u00f3n en las actividades que nos competen, sea en la docencia, en el estudio, en la investigaci\u00f3n, en la administraci\u00f3n o en el trabajo social\u201d.<\/p>\n<p>De igual forma, record\u00f3 al General\u00edsimo Jos\u00e9 Mar\u00eda Morelos y Pav\u00f3n, quien detall\u00f3 que en el a\u00f1o de 1790 se integra al Colegio de San Nicol\u00e1s a realizar estudios de gram\u00e1tica y lat\u00edn, periodo en el que dijo, coincide con el rector Miguel Hidalgo, no s\u00f3lo de manera f\u00edsica, sino tambi\u00e9n intelectual, siendo este encuentro el origen ideol\u00f3gico de la Independencia de M\u00e9xico.<\/p>\n<p>\u201cLa estatura de Morelos en los anales hist\u00f3ricos, no ser\u00eda la misma de no ser por su avanzado pensamiento de corte humanista, justo en lo social e igualitario en lo pol\u00edtico\u201d.<\/p>\n<p>Indic\u00f3 que es durante el Congreso de Chilpancingo, que Morelos presenta \u201cLos Sentimientos de la Naci\u00f3n\u201d, y no conforme con estas sendas declaratorias, tambi\u00e9n planta los cimientos de la primera Constituci\u00f3n Mexicana, en los 59 art\u00edculos del plan de gobierno para el pa\u00eds que reci\u00e9n nace, dando con ello lugar a la primera Constituci\u00f3n Pol\u00edtica de M\u00e9xico.<\/p>\n<p>\u201cQue dos pr\u00f3ceres de esta envergadura sean alumnos, maestros y cimientes de esta M\u00e1xima Casa de Estudios, no es una coincidencia. Ambos abrevaron de los r\u00edos del saber que son el alma de la Universidad\u201d.<\/p>\n<p>Hoy, dijo, nos toca acrecentar su afluente para que m\u00e1s mentes sedientas, puedan libar de sus aguas edificantes. \u201cNuestra responsabilidad es la de ser art\u00edfices para que la Universidad Michoacana, sostenga en el presente y crezca en el futuro, esos ideales que le dan raz\u00f3n de ser. Debemos pugnar, en todo momento, por la educaci\u00f3n en pos del bien humano, nacional y global, siempre en miras del progreso\u201d, apunt\u00f3 Cervantes Rodr\u00edguez.<\/p>\n<p>Durante el evento se cont\u00f3 con la presencia de las y los funcionarios que integran el Gabinete legal, docentes, as\u00ed como alumnas y alumnos de la instituci\u00f3n.<\/p>\n","protected":false},"excerpt":{"rendered":"<p>\u201cHoy, la trinchera que nos toca defender se da en estas aulas, en estos pasillos, en estos libros y por, sobre todo, en estas mentes, que en alg\u00fan futuro gestar\u00e1n a los pr\u00f3ceres del ma\u00f1ana. Que nuestra lucha engrandezca la memoria de Hidalgo y Morelos, en los terrenos del conocimiento, la tolerancia, el bien social [&hellip;]<\/p>\n","protected":false},"author":2,"featured_media":48958,"comment_status":"open","ping_status":"open","sticky":false,"template":"","format":"standard","meta":{"om_disable_all_campaigns":false,"_monsterinsights_skip_tracking":false,"_monsterinsights_sitenote_active":false,"_monsterinsights_sitenote_note":"","_monsterinsights_sitenote_category":0,"_uf_show_specific_survey":0,"_uf_disable_surveys":false,"_jetpack_memberships_contains_paid_content":false,"footnotes":"","jetpack_publicize_message":"UMSNH, cuna ideol\u00f3gica de la Independencia de M\u00e9xico","jetpack_publicize_feature_enabled":true,"jetpack_social_post_already_shared":true,"jetpack_social_options":{"image_generator_settings":{"template":"highway","default_image_id":0,"enabled":false},"version":2}},"categories":[22],"tags":[],"class_list":{"0":"post-48957","1":"post","2":"type-post","3":"status-publish","4":"format-standard","5":"has-post-thumbnail","7":"category-educacion"},"aioseo_notices":[],"jetpack_publicize_connections":[],"jetpack_featured_media_url":"https:\/\/mediagroup.mx\/wp-content\/uploads\/2023\/09\/0fd1fcbc-711d-4af0-92ea-1429c50aad28.jpeg","jetpack_sharing_enabled":true,"_links":{"self":[{"href":"https:\/\/mediagroup.mx\/index.php\/wp-json\/wp\/v2\/posts\/48957","targetHints":{"allow":["GET"]}}],"collection":[{"href":"https:\/\/mediagroup.mx\/index.php\/wp-json\/wp\/v2\/posts"}],"about":[{"href":"https:\/\/mediagroup.mx\/index.php\/wp-json\/wp\/v2\/types\/post"}],"author":[{"embeddable":true,"href":"https:\/\/mediagroup.mx\/index.php\/wp-json\/wp\/v2\/users\/2"}],"replies":[{"embeddable":true,"href":"https:\/\/mediagroup.mx\/index.php\/wp-json\/wp\/v2\/comments?post=48957"}],"version-history":[{"count":1,"href":"https:\/\/mediagroup.mx\/index.php\/wp-json\/wp\/v2\/posts\/48957\/revisions"}],"predecessor-version":[{"id":48959,"href":"https:\/\/mediagroup.mx\/index.php\/wp-json\/wp\/v2\/posts\/48957\/revisions\/48959"}],"wp:featuredmedia":[{"embeddable":true,"href":"https:\/\/mediagroup.mx\/index.php\/wp-json\/wp\/v2\/media\/48958"}],"wp:attachment":[{"href":"https:\/\/mediagroup.mx\/index.php\/wp-json\/wp\/v2\/media?parent=48957"}],"wp:term":[{"taxonomy":"category","embeddable":true,"href":"https:\/\/mediagroup.mx\/index.php\/wp-json\/wp\/v2\/categories?post=48957"},{"taxonomy":"post_tag","embeddable":true,"href":"https:\/\/mediagroup.mx\/index.php\/wp-json\/wp\/v2\/tags?post=48957"}],"curies":[{"name":"wp","href":"https:\/\/api.w.org\/{rel}","templated":true}]}}