{"id":48960,"date":"2023-09-01T23:23:12","date_gmt":"2023-09-01T23:23:12","guid":{"rendered":"https:\/\/mediagroup.mx\/?p=48960"},"modified":"2023-09-01T23:23:12","modified_gmt":"2023-09-01T23:23:12","slug":"inician-festejos-patrios-en-morelia-estamos-en-condiciones-de-tenerlas-con-mucha-tranquilidad-y-animo-alcalde","status":"publish","type":"post","link":"https:\/\/mediagroup.mx\/index.php\/2023\/09\/01\/inician-festejos-patrios-en-morelia-estamos-en-condiciones-de-tenerlas-con-mucha-tranquilidad-y-animo-alcalde\/","title":{"rendered":"Inician festejos patrios en Morelia; \u201cestamos en condiciones de tenerlas con mucha tranquilidad y \u00e1nimo\u201d: alcalde"},"content":{"rendered":"<p>El Ayuntamiento de Morelia inaugur\u00f3 los festejos patrios con un izamiento de la Bandera Nacional a toda asta, para lo que se han preparado actividades c\u00edvicas, art\u00edsticas y culturales durante todo el mes; Alfonso Mart\u00ednez Alc\u00e1zar, presidente municipal, asegur\u00f3 en entrevista con los medios de comunicaci\u00f3n que se tienen las condiciones para unas fiestas septembrinas con tranquilidad y \u00e1nimo.<\/p>\n<p>Por otro lado, agreg\u00f3 que la zozobra por atentado del 15 de septiembre del 2008 ya qued\u00f3 en el pasado, pues el a\u00f1o anterior se realizaron eventos muy concurridos.<\/p>\n<p>Por \u00faltimo, detall\u00f3 que los operativos de seguridad se har\u00e1n en conjunto con el gobierno del estado, implementando arcos de seguridad.<\/p>\n<p>Por: Jes\u00fas Gonz\u00e1lez<\/p>\n","protected":false},"excerpt":{"rendered":"<p>El Ayuntamiento de Morelia inaugur\u00f3 los festejos patrios con un izamiento de la Bandera Nacional a toda asta, para lo que se han preparado actividades c\u00edvicas, art\u00edsticas y culturales durante todo el mes; Alfonso Mart\u00ednez Alc\u00e1zar, presidente municipal, asegur\u00f3 en entrevista con los medios de comunicaci\u00f3n que se tienen las condiciones para unas fiestas septembrinas [&hellip;]<\/p>\n","protected":false},"author":2,"featured_media":48961,"comment_status":"open","ping_status":"open","sticky":false,"template":"","format":"standard","meta":{"om_disable_all_campaigns":false,"_monsterinsights_skip_tracking":false,"_monsterinsights_sitenote_active":false,"_monsterinsights_sitenote_note":"","_monsterinsights_sitenote_category":0,"_uf_show_specific_survey":0,"_uf_disable_surveys":false,"_jetpack_memberships_contains_paid_content":false,"footnotes":"","jetpack_publicize_message":"Inician festejos patrios en Morelia; \u201cestamos en condiciones de tenerlas con mucha tranquilidad y \u00e1nimo\u201d: alcalde","jetpack_publicize_feature_enabled":true,"jetpack_social_post_already_shared":true,"jetpack_social_options":{"image_generator_settings":{"template":"highway","default_image_id":0,"enabled":false},"version":2}},"categories":[17],"tags":[],"class_list":{"0":"post-48960","1":"post","2":"type-post","3":"status-publish","4":"format-standard","5":"has-post-thumbnail","7":"category-morelia"},"aioseo_notices":[],"jetpack_publicize_connections":[],"jetpack_featured_media_url":"https:\/\/mediagroup.mx\/wp-content\/uploads\/2023\/09\/1d0d2b35-843c-4602-a184-72be5542456d.jpeg","jetpack_sharing_enabled":true,"_links":{"self":[{"href":"https:\/\/mediagroup.mx\/index.php\/wp-json\/wp\/v2\/posts\/48960","targetHints":{"allow":["GET"]}}],"collection":[{"href":"https:\/\/mediagroup.mx\/index.php\/wp-json\/wp\/v2\/posts"}],"about":[{"href":"https:\/\/mediagroup.mx\/index.php\/wp-json\/wp\/v2\/types\/post"}],"author":[{"embeddable":true,"href":"https:\/\/mediagroup.mx\/index.php\/wp-json\/wp\/v2\/users\/2"}],"replies":[{"embeddable":true,"href":"https:\/\/mediagroup.mx\/index.php\/wp-json\/wp\/v2\/comments?post=48960"}],"version-history":[{"count":1,"href":"https:\/\/mediagroup.mx\/index.php\/wp-json\/wp\/v2\/posts\/48960\/revisions"}],"predecessor-version":[{"id":48962,"href":"https:\/\/mediagroup.mx\/index.php\/wp-json\/wp\/v2\/posts\/48960\/revisions\/48962"}],"wp:featuredmedia":[{"embeddable":true,"href":"https:\/\/mediagroup.mx\/index.php\/wp-json\/wp\/v2\/media\/48961"}],"wp:attachment":[{"href":"https:\/\/mediagroup.mx\/index.php\/wp-json\/wp\/v2\/media?parent=48960"}],"wp:term":[{"taxonomy":"category","embeddable":true,"href":"https:\/\/mediagroup.mx\/index.php\/wp-json\/wp\/v2\/categories?post=48960"},{"taxonomy":"post_tag","embeddable":true,"href":"https:\/\/mediagroup.mx\/index.php\/wp-json\/wp\/v2\/tags?post=48960"}],"curies":[{"name":"wp","href":"https:\/\/api.w.org\/{rel}","templated":true}]}}