{"id":48969,"date":"2023-09-02T19:26:50","date_gmt":"2023-09-02T19:26:50","guid":{"rendered":"https:\/\/mediagroup.mx\/?p=48969"},"modified":"2023-09-02T19:26:50","modified_gmt":"2023-09-02T19:26:50","slug":"por-medio-de-juicio-politico-congreso-de-michoacan-inhabilito-por-diez-anos-a-ex-auditor-del-estado","status":"publish","type":"post","link":"https:\/\/mediagroup.mx\/index.php\/2023\/09\/02\/por-medio-de-juicio-politico-congreso-de-michoacan-inhabilito-por-diez-anos-a-ex-auditor-del-estado\/","title":{"rendered":"Por medio de juicio pol\u00edtico, Congreso de Michoac\u00e1n inhabilit\u00f3 por diez a\u00f1os a ex auditor del Estado"},"content":{"rendered":"<p>Al comprobar que Miguel \u00c1ngel Aguirre Abellaneda, durante su cargo como titular de la Auditoria Superior de Michoac\u00e1n incurri\u00f3 en actos ilegales, faltos de imparcialidad, honradez y eficiencia, el Congreso del Estado se erigi\u00f3 como Jurado de Sentencia y lo inhabilit\u00f3 por un per\u00edodo de diez a\u00f1os de la funci\u00f3n p\u00fablica.<\/p>\n<p>En sesi\u00f3n extraordinaria, el Pleno del Congreso del Estado llev\u00f3 a cabo el juicio pol\u00edtico del ex titular del \u00f3rgano fiscalizador del Estado, quien fue merecedor a las sanciones de destituci\u00f3n del cargo como Auditor Superior de Michoac\u00e1n y la inhabilitaci\u00f3n por dicho per\u00edodo para desempe\u00f1ar funciones, empleos, cargos o comisiones de cualquier naturaleza en el servicio p\u00fablico estatal o municipal de acuerdo con la Ley de la materia, \u201cmedidas necesarias, razonables y proporcionales, para que en lo futuro no reincida en su conducta indebida\u201d, versa en el dictamen.<\/p>\n<p>El diputado Cesar Palafox, presidente de la Comisi\u00f3n Jurisdiccional al hacer uso de la m\u00e1xima tribuna del Estado puntualiz\u00f3 que derivado de los antecedentes, argumentos y pruebas en cuesti\u00f3n qued\u00f3 comprobado que existe responsabilidad por parte de Miguel \u00c1ngel Abellaneda, en cuanto a Auditor Superior de Michoac\u00e1n.<\/p>\n<p>\u201cActos que empa\u00f1an su responsabilidad administrativa, contraviniendo los principios que rigen la Ley de Fiscalizaci\u00f3n Superior y Rendici\u00f3n de Cuentas del Estado, por lo que es necesaria la reprimenda ejemplar de dichos actos\u201d, subray\u00f3.<\/p>\n<p>Cabe destacar que el Juicio Pol\u00edtico fue promovido por Azucena Mar\u00edn Correa por la omisi\u00f3n por parte de Aguirre Abellaneda de presentar los informes anuales en materia de fiscalizaci\u00f3n ante el Congreso del Estado o la Comisi\u00f3n Inspectora de la Auditor\u00eda Superior de Michoac\u00e1n; por conflicto de inter\u00e9s por la adquisici\u00f3n de insumos de c\u00f3mputo para la ASM, a personas relacionadas con \u00e9l.<\/p>\n<p>Adem\u00e1s del incumplimiento de cubrir el pago del impuesto sobre erogaciones por remuneraci\u00f3n al trabajo personal, durante los ejercicios fiscales 2020, 2021 y 2022; asimismo, se encontr\u00f3 culpable de la mala integraci\u00f3n del pasivo y la subsecuente omisi\u00f3n de revelar las obligaciones de pago respecto de las retenciones por Impuesto sobre la renta y aportaciones de seguridad social; y de las irregularidades y violaciones en los estados financieros que se refieren al activo circulante y al activo no circulante.<\/p>\n","protected":false},"excerpt":{"rendered":"<p>Al comprobar que Miguel \u00c1ngel Aguirre Abellaneda, durante su cargo como titular de la Auditoria Superior de Michoac\u00e1n incurri\u00f3 en actos ilegales, faltos de imparcialidad, honradez y eficiencia, el Congreso del Estado se erigi\u00f3 como Jurado de Sentencia y lo inhabilit\u00f3 por un per\u00edodo de diez a\u00f1os de la funci\u00f3n p\u00fablica. En sesi\u00f3n extraordinaria, el [&hellip;]<\/p>\n","protected":false},"author":2,"featured_media":48970,"comment_status":"open","ping_status":"open","sticky":false,"template":"","format":"standard","meta":{"om_disable_all_campaigns":false,"_monsterinsights_skip_tracking":false,"_monsterinsights_sitenote_active":false,"_monsterinsights_sitenote_note":"","_monsterinsights_sitenote_category":0,"_uf_show_specific_survey":0,"_uf_disable_surveys":false,"_jetpack_memberships_contains_paid_content":false,"footnotes":"","jetpack_publicize_message":"Por medio de juicio pol\u00edtico, Congreso de Michoac\u00e1n inhabilit\u00f3 por diez a\u00f1os a ex auditor del Estado","jetpack_publicize_feature_enabled":true,"jetpack_social_post_already_shared":true,"jetpack_social_options":{"image_generator_settings":{"template":"highway","default_image_id":0,"enabled":false},"version":2}},"categories":[15],"tags":[],"class_list":{"0":"post-48969","1":"post","2":"type-post","3":"status-publish","4":"format-standard","5":"has-post-thumbnail","7":"category-michoacan"},"aioseo_notices":[],"jetpack_publicize_connections":[],"jetpack_featured_media_url":"https:\/\/mediagroup.mx\/wp-content\/uploads\/2023\/09\/31874fac-48e9-4f14-9bad-58254e6b623f.jpeg","jetpack_sharing_enabled":true,"_links":{"self":[{"href":"https:\/\/mediagroup.mx\/index.php\/wp-json\/wp\/v2\/posts\/48969","targetHints":{"allow":["GET"]}}],"collection":[{"href":"https:\/\/mediagroup.mx\/index.php\/wp-json\/wp\/v2\/posts"}],"about":[{"href":"https:\/\/mediagroup.mx\/index.php\/wp-json\/wp\/v2\/types\/post"}],"author":[{"embeddable":true,"href":"https:\/\/mediagroup.mx\/index.php\/wp-json\/wp\/v2\/users\/2"}],"replies":[{"embeddable":true,"href":"https:\/\/mediagroup.mx\/index.php\/wp-json\/wp\/v2\/comments?post=48969"}],"version-history":[{"count":1,"href":"https:\/\/mediagroup.mx\/index.php\/wp-json\/wp\/v2\/posts\/48969\/revisions"}],"predecessor-version":[{"id":48971,"href":"https:\/\/mediagroup.mx\/index.php\/wp-json\/wp\/v2\/posts\/48969\/revisions\/48971"}],"wp:featuredmedia":[{"embeddable":true,"href":"https:\/\/mediagroup.mx\/index.php\/wp-json\/wp\/v2\/media\/48970"}],"wp:attachment":[{"href":"https:\/\/mediagroup.mx\/index.php\/wp-json\/wp\/v2\/media?parent=48969"}],"wp:term":[{"taxonomy":"category","embeddable":true,"href":"https:\/\/mediagroup.mx\/index.php\/wp-json\/wp\/v2\/categories?post=48969"},{"taxonomy":"post_tag","embeddable":true,"href":"https:\/\/mediagroup.mx\/index.php\/wp-json\/wp\/v2\/tags?post=48969"}],"curies":[{"name":"wp","href":"https:\/\/api.w.org\/{rel}","templated":true}]}}