{"id":48975,"date":"2023-09-04T20:04:07","date_gmt":"2023-09-04T20:04:07","guid":{"rendered":"https:\/\/mediagroup.mx\/?p=48975"},"modified":"2023-09-04T20:04:07","modified_gmt":"2023-09-04T20:04:07","slug":"entregan-constancias-a-220-beneficiarios-de-becas-del-colegio-de-morelia","status":"publish","type":"post","link":"https:\/\/mediagroup.mx\/index.php\/2023\/09\/04\/entregan-constancias-a-220-beneficiarios-de-becas-del-colegio-de-morelia\/","title":{"rendered":"Entregan constancias a 220 beneficiarios de Becas del Colegio de Morelia"},"content":{"rendered":"<p>El presidente municipal Alfonso Mart\u00ednez Alc\u00e1zar encabez\u00f3 la entrega de constancias a 220 beneficiarios del programa Becas CM del Colegio de Morelia, a los que se les apoy\u00f3 con hasta 5 mil pesos para su titulaci\u00f3n, donde record\u00f3 que esta acci\u00f3n iniciada en el 2015 es una respuesta proactiva a la inseguridad.<\/p>\n<p>Por otro lado, dat\u00f3 que hay historias de 600 j\u00f3venes que fueron beneficiarios de la primera administraci\u00f3n, a pesar de que el gobierno posterior dijo que esas becas no existieron y fueron un tr\u00e1fico de influencias.<\/p>\n<p>Asimismo, agreg\u00f3 que a dos a\u00f1os de este trienio suman ya 600 nuevos beneficiarios.<\/p>\n<p>&nbsp;<\/p>\n<p>Por: Jes\u00fas Gonz\u00e1lez<\/p>\n<p>[Insert]<\/p>\n","protected":false},"excerpt":{"rendered":"<p>El presidente municipal Alfonso Mart\u00ednez Alc\u00e1zar encabez\u00f3 la entrega de constancias a 220 beneficiarios del programa Becas CM del Colegio de Morelia, a los que se les apoy\u00f3 con hasta 5 mil pesos para su titulaci\u00f3n, donde record\u00f3 que esta acci\u00f3n iniciada en el 2015 es una respuesta proactiva a la inseguridad. Por otro lado, [&hellip;]<\/p>\n","protected":false},"author":2,"featured_media":48976,"comment_status":"open","ping_status":"open","sticky":false,"template":"","format":"standard","meta":{"om_disable_all_campaigns":false,"_monsterinsights_skip_tracking":false,"_monsterinsights_sitenote_active":false,"_monsterinsights_sitenote_note":"","_monsterinsights_sitenote_category":0,"_uf_show_specific_survey":0,"_uf_disable_surveys":false,"_jetpack_memberships_contains_paid_content":false,"footnotes":"","jetpack_publicize_message":"Entregan constancias a 220 beneficiarios de Becas del Colegio de Morelia","jetpack_publicize_feature_enabled":true,"jetpack_social_post_already_shared":true,"jetpack_social_options":{"image_generator_settings":{"template":"highway","default_image_id":0,"enabled":false},"version":2}},"categories":[17],"tags":[],"class_list":{"0":"post-48975","1":"post","2":"type-post","3":"status-publish","4":"format-standard","5":"has-post-thumbnail","7":"category-morelia"},"aioseo_notices":[],"jetpack_publicize_connections":[],"jetpack_featured_media_url":"https:\/\/mediagroup.mx\/wp-content\/uploads\/2023\/09\/27455c7a-d964-49a3-bd70-bd6f8f6fefb6.jpeg","jetpack_sharing_enabled":true,"_links":{"self":[{"href":"https:\/\/mediagroup.mx\/index.php\/wp-json\/wp\/v2\/posts\/48975","targetHints":{"allow":["GET"]}}],"collection":[{"href":"https:\/\/mediagroup.mx\/index.php\/wp-json\/wp\/v2\/posts"}],"about":[{"href":"https:\/\/mediagroup.mx\/index.php\/wp-json\/wp\/v2\/types\/post"}],"author":[{"embeddable":true,"href":"https:\/\/mediagroup.mx\/index.php\/wp-json\/wp\/v2\/users\/2"}],"replies":[{"embeddable":true,"href":"https:\/\/mediagroup.mx\/index.php\/wp-json\/wp\/v2\/comments?post=48975"}],"version-history":[{"count":1,"href":"https:\/\/mediagroup.mx\/index.php\/wp-json\/wp\/v2\/posts\/48975\/revisions"}],"predecessor-version":[{"id":48977,"href":"https:\/\/mediagroup.mx\/index.php\/wp-json\/wp\/v2\/posts\/48975\/revisions\/48977"}],"wp:featuredmedia":[{"embeddable":true,"href":"https:\/\/mediagroup.mx\/index.php\/wp-json\/wp\/v2\/media\/48976"}],"wp:attachment":[{"href":"https:\/\/mediagroup.mx\/index.php\/wp-json\/wp\/v2\/media?parent=48975"}],"wp:term":[{"taxonomy":"category","embeddable":true,"href":"https:\/\/mediagroup.mx\/index.php\/wp-json\/wp\/v2\/categories?post=48975"},{"taxonomy":"post_tag","embeddable":true,"href":"https:\/\/mediagroup.mx\/index.php\/wp-json\/wp\/v2\/tags?post=48975"}],"curies":[{"name":"wp","href":"https:\/\/api.w.org\/{rel}","templated":true}]}}