{"id":48984,"date":"2023-09-04T20:16:32","date_gmt":"2023-09-04T20:16:32","guid":{"rendered":"https:\/\/mediagroup.mx\/?p=48984"},"modified":"2023-09-04T20:16:32","modified_gmt":"2023-09-04T20:16:32","slug":"alfonso-martinez-alza-la-voz-en-contra-de-extorsion-de-la-guardia-civil","status":"publish","type":"post","link":"https:\/\/mediagroup.mx\/index.php\/2023\/09\/04\/alfonso-martinez-alza-la-voz-en-contra-de-extorsion-de-la-guardia-civil\/","title":{"rendered":"Alfonso Mart\u00ednez alza la voz en contra de extorsi\u00f3n de la Guardia Civil"},"content":{"rendered":"<p>El presidente municipal de Morelia, Alfonso Mart\u00ednez Alc\u00e1zar, inform\u00f3 en entrevista colectiva que el punto de acuerdo para que la Polic\u00eda Auxiliar del Estado se haga cargo de la seguridad privada de los giros rojos de la ciudad no ha prosperado en el Cabildo puesto que el gobierno estatal ha hecho caso omiso al llamado de la depuraci\u00f3n de las polic\u00edas estatales, puesto que hace 6 meses le entreg\u00f3 en sus manos al gobernador las denuncias que tienen de ciudadanos.<\/p>\n<p>Mart\u00ednez Alc\u00e1zar relat\u00f3 que este viernes interpusieron una denuncia de una familia que fue extorsionada, adem\u00e1s de que tocaron incorrectamente a un menor de 12 a\u00f1os; sin embargo, a los pocos minutos de interponer la denuncia, fueron nuevamente v\u00edctimas de un asalto por parte de la Guardia Civil.<\/p>\n<p>Por \u00faltimo, concluy\u00f3 que esto es lamentable, pues desde el municipio se ha hecho el mayor esfuerzo para depurar la Polic\u00eda Morelia, con 42 elementos dados de baja.<\/p>\n<p>&nbsp;<\/p>\n<p>Por: Jes\u00fas Gonz\u00e1lez<\/p>\n<p>[Insert]<\/p>\n","protected":false},"excerpt":{"rendered":"<p>El presidente municipal de Morelia, Alfonso Mart\u00ednez Alc\u00e1zar, inform\u00f3 en entrevista colectiva que el punto de acuerdo para que la Polic\u00eda Auxiliar del Estado se haga cargo de la seguridad privada de los giros rojos de la ciudad no ha prosperado en el Cabildo puesto que el gobierno estatal ha hecho caso omiso al llamado [&hellip;]<\/p>\n","protected":false},"author":2,"featured_media":48985,"comment_status":"open","ping_status":"open","sticky":false,"template":"","format":"standard","meta":{"om_disable_all_campaigns":false,"_monsterinsights_skip_tracking":false,"_monsterinsights_sitenote_active":false,"_monsterinsights_sitenote_note":"","_monsterinsights_sitenote_category":0,"_uf_show_specific_survey":0,"_uf_disable_surveys":false,"_jetpack_memberships_contains_paid_content":false,"footnotes":"","jetpack_publicize_message":"Alfonso Mart\u00ednez alza la voz en contra de extorsi\u00f3n de la Guardia Civil","jetpack_publicize_feature_enabled":true,"jetpack_social_post_already_shared":true,"jetpack_social_options":{"image_generator_settings":{"template":"highway","default_image_id":0,"enabled":false},"version":2}},"categories":[17,24],"tags":[],"class_list":{"0":"post-48984","1":"post","2":"type-post","3":"status-publish","4":"format-standard","5":"has-post-thumbnail","7":"category-morelia","8":"category-seguridad"},"aioseo_notices":[],"jetpack_publicize_connections":[],"jetpack_featured_media_url":"https:\/\/mediagroup.mx\/wp-content\/uploads\/2023\/09\/b6177635-9df0-4a02-a1ba-fee8a1550280.jpeg","jetpack_sharing_enabled":true,"_links":{"self":[{"href":"https:\/\/mediagroup.mx\/index.php\/wp-json\/wp\/v2\/posts\/48984","targetHints":{"allow":["GET"]}}],"collection":[{"href":"https:\/\/mediagroup.mx\/index.php\/wp-json\/wp\/v2\/posts"}],"about":[{"href":"https:\/\/mediagroup.mx\/index.php\/wp-json\/wp\/v2\/types\/post"}],"author":[{"embeddable":true,"href":"https:\/\/mediagroup.mx\/index.php\/wp-json\/wp\/v2\/users\/2"}],"replies":[{"embeddable":true,"href":"https:\/\/mediagroup.mx\/index.php\/wp-json\/wp\/v2\/comments?post=48984"}],"version-history":[{"count":1,"href":"https:\/\/mediagroup.mx\/index.php\/wp-json\/wp\/v2\/posts\/48984\/revisions"}],"predecessor-version":[{"id":48986,"href":"https:\/\/mediagroup.mx\/index.php\/wp-json\/wp\/v2\/posts\/48984\/revisions\/48986"}],"wp:featuredmedia":[{"embeddable":true,"href":"https:\/\/mediagroup.mx\/index.php\/wp-json\/wp\/v2\/media\/48985"}],"wp:attachment":[{"href":"https:\/\/mediagroup.mx\/index.php\/wp-json\/wp\/v2\/media?parent=48984"}],"wp:term":[{"taxonomy":"category","embeddable":true,"href":"https:\/\/mediagroup.mx\/index.php\/wp-json\/wp\/v2\/categories?post=48984"},{"taxonomy":"post_tag","embeddable":true,"href":"https:\/\/mediagroup.mx\/index.php\/wp-json\/wp\/v2\/tags?post=48984"}],"curies":[{"name":"wp","href":"https:\/\/api.w.org\/{rel}","templated":true}]}}