{"id":48987,"date":"2023-09-04T20:19:04","date_gmt":"2023-09-04T20:19:04","guid":{"rendered":"https:\/\/mediagroup.mx\/?p=48987"},"modified":"2023-09-04T20:19:04","modified_gmt":"2023-09-04T20:19:04","slug":"en-escuelas-de-michoacan-faltan-maestros-denuncian-supervisores","status":"publish","type":"post","link":"https:\/\/mediagroup.mx\/index.php\/2023\/09\/04\/en-escuelas-de-michoacan-faltan-maestros-denuncian-supervisores\/","title":{"rendered":"En escuelas de Michoac\u00e1n faltan maestros, denuncian supervisores"},"content":{"rendered":"<p>Jefas y jefes de zonas escolares del estado, aseguraron que en Michoac\u00e1n, hacen falta alrededor de mil maestros y maestras en las escuelas y lo que ha dejado a casi 20 mil alumnos y alumnas sin clases durante la primera semana del ciclo escolar 2023-2024.<\/p>\n<p>Lo anterior fue denunciado por la Asociaci\u00f3n de Supervisores y Jefes del sector educativo \u201cMtro. Justo Sierra\u201d y la cual realiz\u00f3 una manifestaci\u00f3n a las afueras de Casa Michoac\u00e1n en la capital del estado para exigir la contrataci\u00f3n de docentes en las escuelas donde hacen falta.<\/p>\n<p>Asimismo, seg\u00fan el profesor Manuel Ch\u00e1vez Gonz\u00e1lez, presidente de la Asociaci\u00f3n, expuso que 29 escuelas de la entidad, permanecen cerradas por la falta de docentes y por lo que se solicit\u00f3 al propio gobernador Alfredo Ram\u00edrez, atender dicha problem\u00e1tica.<\/p>\n<p>De igual modo, a\u00f1adi\u00f3 que la falta de profesores obedece a los movimientos a cargo de las expresiones sindicales y los procesos naturales de jubilaci\u00f3n y baja de docentes por fallecimiento y lo cual se ha traducido en el d\u00e9ficit de mil maestros.<\/p>\n<p>Por su parte la Secretar\u00eda de Educaci\u00f3n del Estado (SEE), inform\u00f3 que esta semana, fueron enviados 31 maestras y maestros a 21 escuelas del municipio de Zit\u00e1cuaro, y lo que a su decir, se estar\u00eda cubriendo casi la totalidad de la necesidad de docentes en \u00e9se municipio.<\/p>\n<p>Por: Oscar Mendoza<\/p>\n","protected":false},"excerpt":{"rendered":"<p>Jefas y jefes de zonas escolares del estado, aseguraron que en Michoac\u00e1n, hacen falta alrededor de mil maestros y maestras en las escuelas y lo que ha dejado a casi 20 mil alumnos y alumnas sin clases durante la primera semana del ciclo escolar 2023-2024. Lo anterior fue denunciado por la Asociaci\u00f3n de Supervisores y [&hellip;]<\/p>\n","protected":false},"author":2,"featured_media":48988,"comment_status":"open","ping_status":"open","sticky":false,"template":"","format":"standard","meta":{"om_disable_all_campaigns":false,"_monsterinsights_skip_tracking":false,"_monsterinsights_sitenote_active":false,"_monsterinsights_sitenote_note":"","_monsterinsights_sitenote_category":0,"_uf_show_specific_survey":0,"_uf_disable_surveys":false,"_jetpack_memberships_contains_paid_content":false,"footnotes":"","jetpack_publicize_message":"En escuelas de Michoac\u00e1n faltan maestros, denuncian supervisores","jetpack_publicize_feature_enabled":true,"jetpack_social_post_already_shared":true,"jetpack_social_options":{"image_generator_settings":{"template":"highway","default_image_id":0,"enabled":false},"version":2}},"categories":[22],"tags":[],"class_list":{"0":"post-48987","1":"post","2":"type-post","3":"status-publish","4":"format-standard","5":"has-post-thumbnail","7":"category-educacion"},"aioseo_notices":[],"jetpack_publicize_connections":[],"jetpack_featured_media_url":"https:\/\/mediagroup.mx\/wp-content\/uploads\/2023\/09\/463bbe09-ca3d-47d8-bdb8-ca84621a18f1.jpeg","jetpack_sharing_enabled":true,"_links":{"self":[{"href":"https:\/\/mediagroup.mx\/index.php\/wp-json\/wp\/v2\/posts\/48987","targetHints":{"allow":["GET"]}}],"collection":[{"href":"https:\/\/mediagroup.mx\/index.php\/wp-json\/wp\/v2\/posts"}],"about":[{"href":"https:\/\/mediagroup.mx\/index.php\/wp-json\/wp\/v2\/types\/post"}],"author":[{"embeddable":true,"href":"https:\/\/mediagroup.mx\/index.php\/wp-json\/wp\/v2\/users\/2"}],"replies":[{"embeddable":true,"href":"https:\/\/mediagroup.mx\/index.php\/wp-json\/wp\/v2\/comments?post=48987"}],"version-history":[{"count":1,"href":"https:\/\/mediagroup.mx\/index.php\/wp-json\/wp\/v2\/posts\/48987\/revisions"}],"predecessor-version":[{"id":48989,"href":"https:\/\/mediagroup.mx\/index.php\/wp-json\/wp\/v2\/posts\/48987\/revisions\/48989"}],"wp:featuredmedia":[{"embeddable":true,"href":"https:\/\/mediagroup.mx\/index.php\/wp-json\/wp\/v2\/media\/48988"}],"wp:attachment":[{"href":"https:\/\/mediagroup.mx\/index.php\/wp-json\/wp\/v2\/media?parent=48987"}],"wp:term":[{"taxonomy":"category","embeddable":true,"href":"https:\/\/mediagroup.mx\/index.php\/wp-json\/wp\/v2\/categories?post=48987"},{"taxonomy":"post_tag","embeddable":true,"href":"https:\/\/mediagroup.mx\/index.php\/wp-json\/wp\/v2\/tags?post=48987"}],"curies":[{"name":"wp","href":"https:\/\/api.w.org\/{rel}","templated":true}]}}