{"id":48990,"date":"2023-09-04T20:20:19","date_gmt":"2023-09-04T20:20:19","guid":{"rendered":"https:\/\/mediagroup.mx\/?p=48990"},"modified":"2023-09-04T20:20:19","modified_gmt":"2023-09-04T20:20:19","slug":"gobierno-de-amlo-sin-ninguna-obra-insignia-para-michoacan-senala-octavio-ocampo","status":"publish","type":"post","link":"https:\/\/mediagroup.mx\/index.php\/2023\/09\/04\/gobierno-de-amlo-sin-ninguna-obra-insignia-para-michoacan-senala-octavio-ocampo\/","title":{"rendered":"Gobierno de AMLO sin ninguna obra insignia para Michoac\u00e1n, se\u00f1ala Octavio Ocampo"},"content":{"rendered":"<p>\u201cCinco a\u00f1os con muchos pendientes\u201d, as\u00ed describi\u00f3 el dirigente Estatal del Partido de la Revoluci\u00f3n Democr\u00e1tica (PRD), Octavio Ocampo C\u00f3rdoba, a la administraci\u00f3n del presidente de M\u00e9xico, Andr\u00e9s Manuel L\u00f3pez Obrador, quien rindi\u00f3 su informe de gobierno el pasado viernes primero de septiembre.<\/p>\n<p>El dirigente Ocampo C\u00f3rdoba apunt\u00f3 que en Michoac\u00e1n el mandatario federal tiene el gran pendiente de la federalizaci\u00f3n de la n\u00f3mina educativa, as\u00ed como el lograr un estado de paz. Asimismo, apunt\u00f3 que en estos 5 a\u00f1os no se ha realizado ninguna obra de infraestructura en el estado que se pueda resaltar por parte de la federaci\u00f3n.<\/p>\n<p>Calific\u00f3 a esto como una falta de inter\u00e9s por parte del mandatario federal por el estado de Michoac\u00e1n, pues, aunque al principio se pensaba que era por las diferencias con el exgobernador Silvano Aureoles, con el actual gobierno tampoco se han visto mejoras.<\/p>\n<p>&nbsp;<\/p>\n<p>Por: Miguel Santos<\/p>\n","protected":false},"excerpt":{"rendered":"<p>\u201cCinco a\u00f1os con muchos pendientes\u201d, as\u00ed describi\u00f3 el dirigente Estatal del Partido de la Revoluci\u00f3n Democr\u00e1tica (PRD), Octavio Ocampo C\u00f3rdoba, a la administraci\u00f3n del presidente de M\u00e9xico, Andr\u00e9s Manuel L\u00f3pez Obrador, quien rindi\u00f3 su informe de gobierno el pasado viernes primero de septiembre. El dirigente Ocampo C\u00f3rdoba apunt\u00f3 que en Michoac\u00e1n el mandatario federal tiene [&hellip;]<\/p>\n","protected":false},"author":2,"featured_media":48991,"comment_status":"open","ping_status":"open","sticky":false,"template":"","format":"standard","meta":{"om_disable_all_campaigns":false,"_monsterinsights_skip_tracking":false,"_monsterinsights_sitenote_active":false,"_monsterinsights_sitenote_note":"","_monsterinsights_sitenote_category":0,"_uf_show_specific_survey":0,"_uf_disable_surveys":false,"_jetpack_memberships_contains_paid_content":false,"footnotes":"","jetpack_publicize_message":"Gobierno de AMLO sin ninguna obra insignia para Michoac\u00e1n, se\u00f1ala Octavio Ocampo","jetpack_publicize_feature_enabled":true,"jetpack_social_post_already_shared":true,"jetpack_social_options":{"image_generator_settings":{"template":"highway","default_image_id":0,"enabled":false},"version":2}},"categories":[15,23],"tags":[],"class_list":{"0":"post-48990","1":"post","2":"type-post","3":"status-publish","4":"format-standard","5":"has-post-thumbnail","7":"category-michoacan","8":"category-nacional"},"aioseo_notices":[],"jetpack_publicize_connections":[],"jetpack_featured_media_url":"https:\/\/mediagroup.mx\/wp-content\/uploads\/2023\/09\/7356d01a-4710-4490-9332-8b3ce01c7575.jpeg","jetpack_sharing_enabled":true,"_links":{"self":[{"href":"https:\/\/mediagroup.mx\/index.php\/wp-json\/wp\/v2\/posts\/48990","targetHints":{"allow":["GET"]}}],"collection":[{"href":"https:\/\/mediagroup.mx\/index.php\/wp-json\/wp\/v2\/posts"}],"about":[{"href":"https:\/\/mediagroup.mx\/index.php\/wp-json\/wp\/v2\/types\/post"}],"author":[{"embeddable":true,"href":"https:\/\/mediagroup.mx\/index.php\/wp-json\/wp\/v2\/users\/2"}],"replies":[{"embeddable":true,"href":"https:\/\/mediagroup.mx\/index.php\/wp-json\/wp\/v2\/comments?post=48990"}],"version-history":[{"count":1,"href":"https:\/\/mediagroup.mx\/index.php\/wp-json\/wp\/v2\/posts\/48990\/revisions"}],"predecessor-version":[{"id":48992,"href":"https:\/\/mediagroup.mx\/index.php\/wp-json\/wp\/v2\/posts\/48990\/revisions\/48992"}],"wp:featuredmedia":[{"embeddable":true,"href":"https:\/\/mediagroup.mx\/index.php\/wp-json\/wp\/v2\/media\/48991"}],"wp:attachment":[{"href":"https:\/\/mediagroup.mx\/index.php\/wp-json\/wp\/v2\/media?parent=48990"}],"wp:term":[{"taxonomy":"category","embeddable":true,"href":"https:\/\/mediagroup.mx\/index.php\/wp-json\/wp\/v2\/categories?post=48990"},{"taxonomy":"post_tag","embeddable":true,"href":"https:\/\/mediagroup.mx\/index.php\/wp-json\/wp\/v2\/tags?post=48990"}],"curies":[{"name":"wp","href":"https:\/\/api.w.org\/{rel}","templated":true}]}}