{"id":48993,"date":"2023-09-04T20:21:36","date_gmt":"2023-09-04T20:21:36","guid":{"rendered":"https:\/\/mediagroup.mx\/?p=48993"},"modified":"2023-09-04T20:21:36","modified_gmt":"2023-09-04T20:21:36","slug":"48993","status":"publish","type":"post","link":"https:\/\/mediagroup.mx\/index.php\/2023\/09\/04\/48993\/","title":{"rendered":""},"content":{"rendered":"<p>La Secretar\u00eda de Fomento Econ\u00f3mico (SEFECO) de Morelia anunci\u00f3 en rueda de prensa el 6\u00b0 Festival del Tamal y el Bu\u00f1uelo, que se llevar\u00e1 a cabo los d\u00edas 09 y 10 de septiembre de 9 de la ma\u00f1ana a 11 de la noche a un costado del Templo Mater Dolorosa.<\/p>\n<p>La titular de la SEFECO, Guadalupe Herrera Calder\u00f3n, precis\u00f3 que adem\u00e1s de los platillos estrella del festival, este evento reunir\u00e1 m\u00e1s de 15 stands que ofrecer\u00e1n gorditas, enchiladas, tacos dorados, pambazos, corundas, gelatinas, pan, agua y refrescos, por lo que dijo, se espera superar la asistencia de 2 mil personas y una derrama econ\u00f3mica de 900 mil pesos.<\/p>\n<p>Por su parte, Lucero R\u00edos \u00c1valos, integrante de la Uni\u00f3n de Comerciantes Mater Dolorosa, invit\u00f3 a la ciudadan\u00eda a disfrutar de este evento que tambi\u00e9n contar\u00e1 con una serie de actividades art\u00edstico-culturales, como danza, m\u00fasica, torito de petate y mucha diversi\u00f3n en medio de un ambiente familiar.<\/p>\n<p>&nbsp;<\/p>\n<p>Por: Jes\u00fas Gonz\u00e1lez<\/p>\n","protected":false},"excerpt":{"rendered":"<p>La Secretar\u00eda de Fomento Econ\u00f3mico (SEFECO) de Morelia anunci\u00f3 en rueda de prensa el 6\u00b0 Festival del Tamal y el Bu\u00f1uelo, que se llevar\u00e1 a cabo los d\u00edas 09 y 10 de septiembre de 9 de la ma\u00f1ana a 11 de la noche a un costado del Templo Mater Dolorosa. La titular de la SEFECO, [&hellip;]<\/p>\n","protected":false},"author":2,"featured_media":48994,"comment_status":"open","ping_status":"open","sticky":false,"template":"","format":"standard","meta":{"om_disable_all_campaigns":false,"_monsterinsights_skip_tracking":false,"_monsterinsights_sitenote_active":false,"_monsterinsights_sitenote_note":"","_monsterinsights_sitenote_category":0,"_uf_show_specific_survey":0,"_uf_disable_surveys":false,"_jetpack_memberships_contains_paid_content":false,"footnotes":"","jetpack_publicize_message":"#Morelia Anuncian 6\u00aa Feria del Tamal y el Bu\u00f1uelo","jetpack_publicize_feature_enabled":true,"jetpack_social_post_already_shared":true,"jetpack_social_options":{"image_generator_settings":{"template":"highway","default_image_id":0,"enabled":false},"version":2}},"categories":[17],"tags":[],"class_list":{"0":"post-48993","1":"post","2":"type-post","3":"status-publish","4":"format-standard","5":"has-post-thumbnail","7":"category-morelia"},"aioseo_notices":[],"jetpack_publicize_connections":[],"jetpack_featured_media_url":"https:\/\/mediagroup.mx\/wp-content\/uploads\/2023\/09\/f428b6ff-0b9e-4f79-a07d-45bd170e57f9.jpeg","jetpack_sharing_enabled":true,"_links":{"self":[{"href":"https:\/\/mediagroup.mx\/index.php\/wp-json\/wp\/v2\/posts\/48993","targetHints":{"allow":["GET"]}}],"collection":[{"href":"https:\/\/mediagroup.mx\/index.php\/wp-json\/wp\/v2\/posts"}],"about":[{"href":"https:\/\/mediagroup.mx\/index.php\/wp-json\/wp\/v2\/types\/post"}],"author":[{"embeddable":true,"href":"https:\/\/mediagroup.mx\/index.php\/wp-json\/wp\/v2\/users\/2"}],"replies":[{"embeddable":true,"href":"https:\/\/mediagroup.mx\/index.php\/wp-json\/wp\/v2\/comments?post=48993"}],"version-history":[{"count":1,"href":"https:\/\/mediagroup.mx\/index.php\/wp-json\/wp\/v2\/posts\/48993\/revisions"}],"predecessor-version":[{"id":48995,"href":"https:\/\/mediagroup.mx\/index.php\/wp-json\/wp\/v2\/posts\/48993\/revisions\/48995"}],"wp:featuredmedia":[{"embeddable":true,"href":"https:\/\/mediagroup.mx\/index.php\/wp-json\/wp\/v2\/media\/48994"}],"wp:attachment":[{"href":"https:\/\/mediagroup.mx\/index.php\/wp-json\/wp\/v2\/media?parent=48993"}],"wp:term":[{"taxonomy":"category","embeddable":true,"href":"https:\/\/mediagroup.mx\/index.php\/wp-json\/wp\/v2\/categories?post=48993"},{"taxonomy":"post_tag","embeddable":true,"href":"https:\/\/mediagroup.mx\/index.php\/wp-json\/wp\/v2\/tags?post=48993"}],"curies":[{"name":"wp","href":"https:\/\/api.w.org\/{rel}","templated":true}]}}