{"id":48999,"date":"2023-09-04T21:13:52","date_gmt":"2023-09-04T21:13:52","guid":{"rendered":"https:\/\/mediagroup.mx\/?p=48999"},"modified":"2023-09-04T21:13:52","modified_gmt":"2023-09-04T21:13:52","slug":"gobierno-del-estado-invita-a-celebrar-el-15-de-septiembre-con-julion-alvarez","status":"publish","type":"post","link":"https:\/\/mediagroup.mx\/index.php\/2023\/09\/04\/gobierno-del-estado-invita-a-celebrar-el-15-de-septiembre-con-julion-alvarez\/","title":{"rendered":"Gobierno del Estado invita a celebrar el 15 de septiembre, con Juli\u00f3n \u00c1lvarez"},"content":{"rendered":"<p>Michoacanos y michoacanas podr\u00e1n disfrutar de la presentaci\u00f3n del cantante Juli\u00f3n \u00c1lvarez, con motivo de las fiestas patrias 2023, este pr\u00f3ximo 15 de septiembre.<\/p>\n<p>El Gobierno del Estado ofrecer\u00e1 este concierto sobre la avenida Madero, despu\u00e9s del tradicional grito de Independencia que encabezar\u00e1 el gobernador Alfredo Ram\u00edrez Bedolla.<\/p>\n<p>Este gran espect\u00e1culo ser\u00e1 completamente gratis para los asistentes, quienes podr\u00e1n disfrutar por m\u00e1s de una hora los \u00e9xitos musicales del int\u00e9rprete de m\u00fasica regional.<\/p>\n<p>A trav\u00e9s de las diversas dependencias del Gobierno del Estado se garantizar\u00e1 la seguridad, medidas de protecci\u00f3n civil, y despliegue de elementos para dar atenci\u00f3n a las y los asistentes, accesos controlados y log\u00edstica adecuada previo, durante y al finalizar el evento.<\/p>\n<p>En estas fiestas patrias completamente familiares, tambi\u00e9n se podr\u00e1 degustar de antojitos mexicanos y disfrutar de la tradicional verbena popular.<\/p>\n","protected":false},"excerpt":{"rendered":"<p>Michoacanos y michoacanas podr\u00e1n disfrutar de la presentaci\u00f3n del cantante Juli\u00f3n \u00c1lvarez, con motivo de las fiestas patrias 2023, este pr\u00f3ximo 15 de septiembre. El Gobierno del Estado ofrecer\u00e1 este concierto sobre la avenida Madero, despu\u00e9s del tradicional grito de Independencia que encabezar\u00e1 el gobernador Alfredo Ram\u00edrez Bedolla. Este gran espect\u00e1culo ser\u00e1 completamente gratis para [&hellip;]<\/p>\n","protected":false},"author":2,"featured_media":49000,"comment_status":"open","ping_status":"open","sticky":false,"template":"","format":"standard","meta":{"om_disable_all_campaigns":false,"_monsterinsights_skip_tracking":false,"_monsterinsights_sitenote_active":false,"_monsterinsights_sitenote_note":"","_monsterinsights_sitenote_category":0,"_uf_show_specific_survey":0,"_uf_disable_surveys":false,"_jetpack_memberships_contains_paid_content":false,"footnotes":"","jetpack_publicize_message":"Gobierno del Estado invita a celebrar el 15 de septiembre, con Juli\u00f3n \u00c1lvarez","jetpack_publicize_feature_enabled":true,"jetpack_social_post_already_shared":true,"jetpack_social_options":{"image_generator_settings":{"template":"highway","default_image_id":0,"enabled":false},"version":2}},"categories":[21],"tags":[],"class_list":{"0":"post-48999","1":"post","2":"type-post","3":"status-publish","4":"format-standard","5":"has-post-thumbnail","7":"category-entretenimiento"},"aioseo_notices":[],"jetpack_publicize_connections":[],"jetpack_featured_media_url":"https:\/\/mediagroup.mx\/wp-content\/uploads\/2023\/09\/55c67c8d-3bf2-47a7-b754-e6151577268e.jpeg","jetpack_sharing_enabled":true,"_links":{"self":[{"href":"https:\/\/mediagroup.mx\/index.php\/wp-json\/wp\/v2\/posts\/48999","targetHints":{"allow":["GET"]}}],"collection":[{"href":"https:\/\/mediagroup.mx\/index.php\/wp-json\/wp\/v2\/posts"}],"about":[{"href":"https:\/\/mediagroup.mx\/index.php\/wp-json\/wp\/v2\/types\/post"}],"author":[{"embeddable":true,"href":"https:\/\/mediagroup.mx\/index.php\/wp-json\/wp\/v2\/users\/2"}],"replies":[{"embeddable":true,"href":"https:\/\/mediagroup.mx\/index.php\/wp-json\/wp\/v2\/comments?post=48999"}],"version-history":[{"count":1,"href":"https:\/\/mediagroup.mx\/index.php\/wp-json\/wp\/v2\/posts\/48999\/revisions"}],"predecessor-version":[{"id":49001,"href":"https:\/\/mediagroup.mx\/index.php\/wp-json\/wp\/v2\/posts\/48999\/revisions\/49001"}],"wp:featuredmedia":[{"embeddable":true,"href":"https:\/\/mediagroup.mx\/index.php\/wp-json\/wp\/v2\/media\/49000"}],"wp:attachment":[{"href":"https:\/\/mediagroup.mx\/index.php\/wp-json\/wp\/v2\/media?parent=48999"}],"wp:term":[{"taxonomy":"category","embeddable":true,"href":"https:\/\/mediagroup.mx\/index.php\/wp-json\/wp\/v2\/categories?post=48999"},{"taxonomy":"post_tag","embeddable":true,"href":"https:\/\/mediagroup.mx\/index.php\/wp-json\/wp\/v2\/tags?post=48999"}],"curies":[{"name":"wp","href":"https:\/\/api.w.org\/{rel}","templated":true}]}}