{"id":49002,"date":"2023-09-05T01:51:13","date_gmt":"2023-09-05T01:51:13","guid":{"rendered":"https:\/\/mediagroup.mx\/?p=49002"},"modified":"2023-09-05T01:51:13","modified_gmt":"2023-09-05T01:51:13","slug":"bedolla-y-apm-anuncian-inversion-de-140-mdd-para-ampliacion-de-terminal-en-lc","status":"publish","type":"post","link":"https:\/\/mediagroup.mx\/index.php\/2023\/09\/05\/bedolla-y-apm-anuncian-inversion-de-140-mdd-para-ampliacion-de-terminal-en-lc\/","title":{"rendered":"Bedolla y APM anuncian inversi\u00f3n de 140 mdd para ampliaci\u00f3n de terminal en LC"},"content":{"rendered":"<p>El gobernador Alfredo Ram\u00edrez Bedolla y Leo Huisman, director general Regional Am\u00e9ricas de APM Terminals, dieron inicio a la construcci\u00f3n de la Fase 2 de la terminal ubicada en el Puerto de L\u00e1zaro C\u00e1rdenas.<\/p>\n<p>La inversi\u00f3n programada, por Pa\u00edses Bajos, es de 140 millones de d\u00f3lares (2 mil 873 millones de pesos), para ampliar a 15.7 hect\u00e1reas el patio de maniobras, compra de gr\u00faas de \u00faltima tecnolog\u00eda y montacargas para contenedores, con lo que semovilizar\u00e1n m\u00e1s de un mill\u00f3n de teus por a\u00f1o.<\/p>\n<p>El gobernador reconoci\u00f3 que, con dicha infraestructura, se potencia el desarrollo, generaci\u00f3n de empleos y se abona a fortalecer la log\u00edstica en la que Michoac\u00e1n es pieza clave para dar soluci\u00f3n a retos del comercio global, frente al nearshoring y el Tratado entre M\u00e9xico, Estados Unidos y Canad\u00e1 (TMEC).<\/p>\n<p>\u00abHoy las inversiones siguen llegando al estado, mostrando al mundo la mejor versi\u00f3n de Michoac\u00e1n\u00bb, coment\u00f3 Ram\u00edrez Bedolla al destacar que el 50 por ciento de la inversi\u00f3n extranjera proviene de Europa, garantizando seguridad y libre tr\u00e1nsito para facilitar el traslado de mercanc\u00edas v\u00eda terrestre.<\/p>\n<p>Avances con los cuales, extern\u00f3, \u00abel puerto de L\u00e1zaro C\u00e1rdenas lograr\u00e1 convertirse en el mejor del Pac\u00edfico, de Am\u00e9rica y del TMEC\u00bb.<\/p>\n<p>Leo Huisman, director general Regional Am\u00e9ricas de APM Terminals, refiri\u00f3 que con la expansi\u00f3n de la infraestructura se muestra el compromiso de desarrollo econ\u00f3mico en Michoac\u00e1n donde, L\u00e1zaro C\u00e1rdenas es clave en la log\u00edstica regional y de transformaci\u00f3n por su amplia capacidad operativa, ofreciendo acceso al mercado asi\u00e1tico y conect\u00e1ndolo con Norteam\u00e9rica.<\/p>\n<p>\u00abNosotros estamos listos para contribuir en la gran oportunidad que representa para M\u00e9xico el nearshoring o relocalizaci\u00f3n de empresas\u00bb, afirm\u00f3.<\/p>\n<p>La edificaci\u00f3n de la fase 2 de APM Terminals L\u00e1zaro C\u00e1rdenas, generar\u00e1 500 empleos directos y m\u00e1s de 900 indirectos con mejores salarios y seguridad social, aumentar\u00e1 la derrama econ\u00f3mica regional y la confianza de grupos empresariales para asentarse en Michoac\u00e1n. La proyecci\u00f3n es que inicie operaciones en el primer trimestre del 2026.<\/p>\n<p>Se explic\u00f3 que APM Terminals en L\u00e1zaro C\u00e1rdenas es puerta de entrada a Asia y la costa Este de Am\u00e9rica, reduce la distancia y costos intermodales al mercado de consumo m\u00e1s grande del centro del pa\u00eds, brinda servicios especializados para el manejo de carga, descarga y traslado de contenedores.<\/p>\n<p>Participaron el secretario de Desarrollo Econ\u00f3mico, Claudio M\u00e9ndez; Wilfred Mohr, embajador de Pa\u00edses Bajos en M\u00e9xico; Marliz Bermudez, directora general de APM Terminals L\u00e1zaro C\u00e1rdenas; \u00d3scar del Cueto, presidente de Canadian Pacific Kansas City en M\u00e9xico; Ana Laura L\u00f3pez Bautista, coordinadora de Puertos y Marina Mercante; Jorge Luis Cruz Ballado, director general de Asipona; Edilberto Cabrales Gonz\u00e1lez, comandante de la 14 Zona Naval, la presidenta municipal de L\u00e1zaro C\u00e1rdenas, Itz\u00e9 Camacho, entre otros.<\/p>\n","protected":false},"excerpt":{"rendered":"<p>El gobernador Alfredo Ram\u00edrez Bedolla y Leo Huisman, director general Regional Am\u00e9ricas de APM Terminals, dieron inicio a la construcci\u00f3n de la Fase 2 de la terminal ubicada en el Puerto de L\u00e1zaro C\u00e1rdenas. La inversi\u00f3n programada, por Pa\u00edses Bajos, es de 140 millones de d\u00f3lares (2 mil 873 millones de pesos), para ampliar a [&hellip;]<\/p>\n","protected":false},"author":2,"featured_media":49003,"comment_status":"open","ping_status":"open","sticky":false,"template":"","format":"standard","meta":{"om_disable_all_campaigns":false,"_monsterinsights_skip_tracking":false,"_monsterinsights_sitenote_active":false,"_monsterinsights_sitenote_note":"","_monsterinsights_sitenote_category":0,"_uf_show_specific_survey":0,"_uf_disable_surveys":false,"_jetpack_memberships_contains_paid_content":false,"footnotes":"","jetpack_publicize_message":"Bedolla y APM anuncian inversi\u00f3n de 140 mdd para ampliaci\u00f3n de terminal en LC","jetpack_publicize_feature_enabled":true,"jetpack_social_post_already_shared":true,"jetpack_social_options":{"image_generator_settings":{"template":"highway","default_image_id":0,"enabled":false},"version":2}},"categories":[15],"tags":[],"class_list":{"0":"post-49002","1":"post","2":"type-post","3":"status-publish","4":"format-standard","5":"has-post-thumbnail","7":"category-michoacan"},"aioseo_notices":[],"jetpack_publicize_connections":[],"jetpack_featured_media_url":"https:\/\/mediagroup.mx\/wp-content\/uploads\/2023\/09\/6a656663-a962-4e8d-becc-6f7f44d9defa.jpeg","jetpack_sharing_enabled":true,"_links":{"self":[{"href":"https:\/\/mediagroup.mx\/index.php\/wp-json\/wp\/v2\/posts\/49002","targetHints":{"allow":["GET"]}}],"collection":[{"href":"https:\/\/mediagroup.mx\/index.php\/wp-json\/wp\/v2\/posts"}],"about":[{"href":"https:\/\/mediagroup.mx\/index.php\/wp-json\/wp\/v2\/types\/post"}],"author":[{"embeddable":true,"href":"https:\/\/mediagroup.mx\/index.php\/wp-json\/wp\/v2\/users\/2"}],"replies":[{"embeddable":true,"href":"https:\/\/mediagroup.mx\/index.php\/wp-json\/wp\/v2\/comments?post=49002"}],"version-history":[{"count":1,"href":"https:\/\/mediagroup.mx\/index.php\/wp-json\/wp\/v2\/posts\/49002\/revisions"}],"predecessor-version":[{"id":49004,"href":"https:\/\/mediagroup.mx\/index.php\/wp-json\/wp\/v2\/posts\/49002\/revisions\/49004"}],"wp:featuredmedia":[{"embeddable":true,"href":"https:\/\/mediagroup.mx\/index.php\/wp-json\/wp\/v2\/media\/49003"}],"wp:attachment":[{"href":"https:\/\/mediagroup.mx\/index.php\/wp-json\/wp\/v2\/media?parent=49002"}],"wp:term":[{"taxonomy":"category","embeddable":true,"href":"https:\/\/mediagroup.mx\/index.php\/wp-json\/wp\/v2\/categories?post=49002"},{"taxonomy":"post_tag","embeddable":true,"href":"https:\/\/mediagroup.mx\/index.php\/wp-json\/wp\/v2\/tags?post=49002"}],"curies":[{"name":"wp","href":"https:\/\/api.w.org\/{rel}","templated":true}]}}