{"id":49016,"date":"2023-09-05T23:25:43","date_gmt":"2023-09-05T23:25:43","guid":{"rendered":"https:\/\/mediagroup.mx\/?p=49016"},"modified":"2023-09-05T23:25:43","modified_gmt":"2023-09-05T23:25:43","slug":"gppt-y-ejecutivo-estatal-estrechan-vinculos-de-cordialidad-para-continuar-con-el-trabajo-a-favor-del-pueblo","status":"publish","type":"post","link":"https:\/\/mediagroup.mx\/index.php\/2023\/09\/05\/gppt-y-ejecutivo-estatal-estrechan-vinculos-de-cordialidad-para-continuar-con-el-trabajo-a-favor-del-pueblo\/","title":{"rendered":"GPPT y Ejecutivo estatal, estrechan v\u00ednculos de cordialidad para continuar con el trabajo a favor del pueblo"},"content":{"rendered":"<p>El coordinador del Grupo Parlamentario del Partido del Trabajo (GPPT) en el Congreso de Michoac\u00e1n, Reyes Galindo Pedraza, se\u00f1al\u00f3 que para darle continuidad a la Transformaci\u00f3n en la entidad, es necesario trabajar de la mano entre los poderes Legislativo y Ejecutivo, por ello dijo que para pr\u00f3ximo periodo de sesiones seguir\u00e1n en la ruta del trabajo coordinado con el gobernador del estado, Alfredo Ram\u00edrez Bedolla.<\/p>\n<p>Lo anterior, luego de haberse reunido los integrantes de la bancada petista con el titular del Ejecutivo de esta entidad, en donde el coordinador parlamentario destac\u00f3 que se estrecharon lazos de cordialidad para que los resultados siempre sean a favor de las y los michoacanos, \u201cporque la prioridad es la gente\u201d, destac\u00f3.<\/p>\n<p>\u201cSostuvimos un encuentro muy productivo mis compa\u00f1eros y yo con nuestro amigo, Alfredo Ram\u00edrez, en donde abordamos temas de la agenda p\u00fablica del estado, refrendamos nuestro compromiso mutuo por construir un mejor Michoac\u00e1n y nos coordinamos para que el principal beneficiado durante el Primer Periodo Ordinario de Sesiones de este \u00faltimo a\u00f1o legislativo\u201d, mencion\u00f3 Reyes Galindo.<\/p>\n<p>Dijo adem\u00e1s que durante esta reuni\u00f3n se revisaron aspectos previos al proyecto del Presupuesto Econ\u00f3mico 2024 en donde el GPPT asumi\u00f3 el compromiso de integrar sus aportaciones para acompa\u00f1ar el paquete econ\u00f3mico una vez que sean reflejadas las necesidades de las y los michoacanos, siempre con el compromiso de salvaguardar los intereses y derechos del pueblo.<\/p>\n","protected":false},"excerpt":{"rendered":"<p>El coordinador del Grupo Parlamentario del Partido del Trabajo (GPPT) en el Congreso de Michoac\u00e1n, Reyes Galindo Pedraza, se\u00f1al\u00f3 que para darle continuidad a la Transformaci\u00f3n en la entidad, es necesario trabajar de la mano entre los poderes Legislativo y Ejecutivo, por ello dijo que para pr\u00f3ximo periodo de sesiones seguir\u00e1n en la ruta del [&hellip;]<\/p>\n","protected":false},"author":2,"featured_media":49017,"comment_status":"open","ping_status":"open","sticky":false,"template":"","format":"standard","meta":{"om_disable_all_campaigns":false,"_monsterinsights_skip_tracking":false,"_monsterinsights_sitenote_active":false,"_monsterinsights_sitenote_note":"","_monsterinsights_sitenote_category":0,"_uf_show_specific_survey":0,"_uf_disable_surveys":false,"_jetpack_memberships_contains_paid_content":false,"footnotes":"","jetpack_publicize_message":"GPPT y Ejecutivo estatal, estrechan v\u00ednculos de cordialidad para continuar con el trabajo a favor del pueblo","jetpack_publicize_feature_enabled":true,"jetpack_social_post_already_shared":true,"jetpack_social_options":{"image_generator_settings":{"template":"highway","default_image_id":0,"enabled":false},"version":2}},"categories":[15],"tags":[],"class_list":{"0":"post-49016","1":"post","2":"type-post","3":"status-publish","4":"format-standard","5":"has-post-thumbnail","7":"category-michoacan"},"aioseo_notices":[],"jetpack_publicize_connections":[],"jetpack_featured_media_url":"https:\/\/mediagroup.mx\/wp-content\/uploads\/2023\/09\/56600be7-5f46-4c5f-a51e-7d7f07bb8ac6.jpeg","jetpack_sharing_enabled":true,"_links":{"self":[{"href":"https:\/\/mediagroup.mx\/index.php\/wp-json\/wp\/v2\/posts\/49016","targetHints":{"allow":["GET"]}}],"collection":[{"href":"https:\/\/mediagroup.mx\/index.php\/wp-json\/wp\/v2\/posts"}],"about":[{"href":"https:\/\/mediagroup.mx\/index.php\/wp-json\/wp\/v2\/types\/post"}],"author":[{"embeddable":true,"href":"https:\/\/mediagroup.mx\/index.php\/wp-json\/wp\/v2\/users\/2"}],"replies":[{"embeddable":true,"href":"https:\/\/mediagroup.mx\/index.php\/wp-json\/wp\/v2\/comments?post=49016"}],"version-history":[{"count":1,"href":"https:\/\/mediagroup.mx\/index.php\/wp-json\/wp\/v2\/posts\/49016\/revisions"}],"predecessor-version":[{"id":49018,"href":"https:\/\/mediagroup.mx\/index.php\/wp-json\/wp\/v2\/posts\/49016\/revisions\/49018"}],"wp:featuredmedia":[{"embeddable":true,"href":"https:\/\/mediagroup.mx\/index.php\/wp-json\/wp\/v2\/media\/49017"}],"wp:attachment":[{"href":"https:\/\/mediagroup.mx\/index.php\/wp-json\/wp\/v2\/media?parent=49016"}],"wp:term":[{"taxonomy":"category","embeddable":true,"href":"https:\/\/mediagroup.mx\/index.php\/wp-json\/wp\/v2\/categories?post=49016"},{"taxonomy":"post_tag","embeddable":true,"href":"https:\/\/mediagroup.mx\/index.php\/wp-json\/wp\/v2\/tags?post=49016"}],"curies":[{"name":"wp","href":"https:\/\/api.w.org\/{rel}","templated":true}]}}