{"id":49022,"date":"2023-09-06T00:17:15","date_gmt":"2023-09-06T00:17:15","guid":{"rendered":"https:\/\/mediagroup.mx\/?p=49022"},"modified":"2023-09-06T00:17:15","modified_gmt":"2023-09-06T00:17:15","slug":"arranca-proceso-electoral-2023-2024-en-michoacan-se-disputaran-2-mil-158-cargos","status":"publish","type":"post","link":"https:\/\/mediagroup.mx\/index.php\/2023\/09\/06\/arranca-proceso-electoral-2023-2024-en-michoacan-se-disputaran-2-mil-158-cargos\/","title":{"rendered":"Arranca Proceso Electoral 2023-2024; en Michoac\u00e1n se disputar\u00e1n 2 mil 158 cargos"},"content":{"rendered":"<p>Con la realizaci\u00f3n de una Sesi\u00f3n Especial a cargo del Consejo General del Instituto Electoral de Michoac\u00e1n (IEM) este martes 5 de septiembre, fue declarado de manera formal el inicio del Proseo Electoral Local Ordinario 2023-2024 y donde se disputar\u00e1n 2 mil 158 cargos de elecci\u00f3n popular.<\/p>\n<p>De acuerdo con el presidente del IEM, Ignacio Hurtado G\u00f3mez, para las pr\u00f3ximas elecciones, este \u00f3rgano electoral local est\u00e1 preparado para garantizar la imparcialidad en la contienda donde se renovar\u00e1n presidencias municipales, regidur\u00edas y al Congreso estatal adem\u00e1s de las diputaciones federales, al Senado de la Rep\u00fablica y la presidencia de M\u00e9xico.<\/p>\n<p>Asimismo, destac\u00f3 que para este proceso, en Michoac\u00e1n participar\u00e1n 11 partidos pol\u00edticos, y de los cuales, tres fueron de reciente creaci\u00f3n mismos que deber\u00e1n contender de manera solitaria sin posibilidad de formar alianzas o coaliciones electorales.<\/p>\n<p>Cabe mencionar que actualmente, en Michoac\u00e1n el listado nominal es de 3 millones 646 mil 337 de personas, mismas que podr\u00edan ejercer su voto en las poco m\u00e1s de 6 mil 500 casillas que se instalar\u00e1n el 2 de junio del 2024.<\/p>\n<p>&nbsp;<\/p>\n<p>Por: Oscar Mendoza<\/p>\n","protected":false},"excerpt":{"rendered":"<p>Con la realizaci\u00f3n de una Sesi\u00f3n Especial a cargo del Consejo General del Instituto Electoral de Michoac\u00e1n (IEM) este martes 5 de septiembre, fue declarado de manera formal el inicio del Proseo Electoral Local Ordinario 2023-2024 y donde se disputar\u00e1n 2 mil 158 cargos de elecci\u00f3n popular. De acuerdo con el presidente del IEM, Ignacio [&hellip;]<\/p>\n","protected":false},"author":2,"featured_media":49023,"comment_status":"open","ping_status":"open","sticky":false,"template":"","format":"standard","meta":{"om_disable_all_campaigns":false,"_monsterinsights_skip_tracking":false,"_monsterinsights_sitenote_active":false,"_monsterinsights_sitenote_note":"","_monsterinsights_sitenote_category":0,"_uf_show_specific_survey":0,"_uf_disable_surveys":false,"_jetpack_memberships_contains_paid_content":false,"footnotes":"","jetpack_publicize_message":"Arranca Proceso Electoral 2023-2024; en Michoac\u00e1n se disputar\u00e1n 2 mil 158 cargos","jetpack_publicize_feature_enabled":true,"jetpack_social_post_already_shared":true,"jetpack_social_options":{"image_generator_settings":{"template":"highway","default_image_id":0,"enabled":false},"version":2}},"categories":[15],"tags":[],"class_list":{"0":"post-49022","1":"post","2":"type-post","3":"status-publish","4":"format-standard","5":"has-post-thumbnail","7":"category-michoacan"},"aioseo_notices":[],"jetpack_publicize_connections":[],"jetpack_featured_media_url":"https:\/\/mediagroup.mx\/wp-content\/uploads\/2023\/09\/ade50580-7a77-49b8-83d4-c20c286a0076.jpeg","jetpack_sharing_enabled":true,"_links":{"self":[{"href":"https:\/\/mediagroup.mx\/index.php\/wp-json\/wp\/v2\/posts\/49022","targetHints":{"allow":["GET"]}}],"collection":[{"href":"https:\/\/mediagroup.mx\/index.php\/wp-json\/wp\/v2\/posts"}],"about":[{"href":"https:\/\/mediagroup.mx\/index.php\/wp-json\/wp\/v2\/types\/post"}],"author":[{"embeddable":true,"href":"https:\/\/mediagroup.mx\/index.php\/wp-json\/wp\/v2\/users\/2"}],"replies":[{"embeddable":true,"href":"https:\/\/mediagroup.mx\/index.php\/wp-json\/wp\/v2\/comments?post=49022"}],"version-history":[{"count":1,"href":"https:\/\/mediagroup.mx\/index.php\/wp-json\/wp\/v2\/posts\/49022\/revisions"}],"predecessor-version":[{"id":49024,"href":"https:\/\/mediagroup.mx\/index.php\/wp-json\/wp\/v2\/posts\/49022\/revisions\/49024"}],"wp:featuredmedia":[{"embeddable":true,"href":"https:\/\/mediagroup.mx\/index.php\/wp-json\/wp\/v2\/media\/49023"}],"wp:attachment":[{"href":"https:\/\/mediagroup.mx\/index.php\/wp-json\/wp\/v2\/media?parent=49022"}],"wp:term":[{"taxonomy":"category","embeddable":true,"href":"https:\/\/mediagroup.mx\/index.php\/wp-json\/wp\/v2\/categories?post=49022"},{"taxonomy":"post_tag","embeddable":true,"href":"https:\/\/mediagroup.mx\/index.php\/wp-json\/wp\/v2\/tags?post=49022"}],"curies":[{"name":"wp","href":"https:\/\/api.w.org\/{rel}","templated":true}]}}