{"id":49025,"date":"2023-09-06T00:56:11","date_gmt":"2023-09-06T00:56:11","guid":{"rendered":"https:\/\/mediagroup.mx\/?p=49025"},"modified":"2023-09-06T00:56:11","modified_gmt":"2023-09-06T00:56:11","slug":"ley-de-desaparicion-forzada-sera-una-realidad-en-michoacan-brenda-fraga","status":"publish","type":"post","link":"https:\/\/mediagroup.mx\/index.php\/2023\/09\/06\/ley-de-desaparicion-forzada-sera-una-realidad-en-michoacan-brenda-fraga\/","title":{"rendered":"Ley de Desaparici\u00f3n Forzada ser\u00e1 una realidad en Michoac\u00e1n: Brenda Fraga"},"content":{"rendered":"<p>A convocatoria de la diputada Brenda Fraga Guti\u00e9rrez y la participaci\u00f3n de la legisladora Anabet Franco Carrizales, el Congreso del Estado llev\u00f3 a cabo la Mesa de An\u00e1lisis de la Ley de Desaparici\u00f3n Forzada de Personas, marco jur\u00eddico que pronto ser\u00e1 una realidad en Michoac\u00e1n.<\/p>\n<p>El evento tuvo como fin conocer las opiniones de las instituciones involucradas, encargadas de materializar la normativa una vez aprobada por el Pleno del Poder Legislativo.<\/p>\n<p>Aqu\u00ed, Larissa Jaimes, representante del Comit\u00e9 de Familiares de Personas Detenidas Desaparecidas en M\u00e9xico, COFADDEM \u201cAlzando Voces\u201d, agradeci\u00f3 la oportunidad de ser escuchados, y reconoci\u00f3 la voluntad de las y los legisladores, esperando sean sensibles a la hora de votar la ley para que pueda ser una realidad en la entidad.<\/p>\n<p>En este contexto, Fraga Guti\u00e9rrez -quien present\u00f3 el pasado mes de marzo la propuesta de Ley de Desaparici\u00f3n Forzada de Personas, Desaparici\u00f3n Cometida por Particulares y el Sistema de B\u00fasqueda de Personas en Michoac\u00e1n-, se\u00f1al\u00f3 que dicha legislaci\u00f3n es el resultado de un trabajo en conjunto con varios colectivos, para contar desde argumentos jur\u00eddicos hasta protocolos de actuaci\u00f3n, as\u00ed como garantizar mayores recursos econ\u00f3micos.<\/p>\n<p>\u201cEsta ley establece la responsabilidad de las instituciones para coadyuvar con los familiares de personas desaparecidas, abriendo el camino a una verdadera justicia, en un reconocimiento efectivo de los derechos humanos\u201d, puntualiz\u00f3.<\/p>\n<p>Por su parte, la diputada presidenta de la Junta de Coordinaci\u00f3n Pol\u00edtica de la 75 Legislatura, y de la Comisi\u00f3n de Justicia, Anabet Franco Carrizales, expres\u00f3 el gran compromiso que se tiene con la sociedad en estos temas tan sensibles; por ello, se ha trabajado con gran responsabilidad para que, en breve, se presente el dictamen ante el Pleno del Congreso para su discusi\u00f3n y votaci\u00f3n.<\/p>\n<p>Asimismo, reconoci\u00f3 el trabajo de las colectivas que, a\u00fan con el dolor y sufrimiento que viven, han sido valientes y firmes dando pasos importantes hacia un trato digno, con respeto, profesionalismo y empat\u00eda por parte de las autoridades, subray\u00f3 Franco Carrizales.<\/p>\n<p>Por su parte, el titular de la Comisi\u00f3n Ejecutiva de Atenci\u00f3n a V\u00edctimas del Estado, Josu\u00e9 Mej\u00eda Pineda, ponder\u00f3 el impulso de esta iniciativa de ley, \u201cel tema no es sencillo y debemos trabajar de manera conjunta para dar un resultado m\u00e1s efectivo\u201d, dijo.<\/p>\n","protected":false},"excerpt":{"rendered":"<p>A convocatoria de la diputada Brenda Fraga Guti\u00e9rrez y la participaci\u00f3n de la legisladora Anabet Franco Carrizales, el Congreso del Estado llev\u00f3 a cabo la Mesa de An\u00e1lisis de la Ley de Desaparici\u00f3n Forzada de Personas, marco jur\u00eddico que pronto ser\u00e1 una realidad en Michoac\u00e1n. El evento tuvo como fin conocer las opiniones de las [&hellip;]<\/p>\n","protected":false},"author":2,"featured_media":49026,"comment_status":"open","ping_status":"open","sticky":false,"template":"","format":"standard","meta":{"om_disable_all_campaigns":false,"_monsterinsights_skip_tracking":false,"_monsterinsights_sitenote_active":false,"_monsterinsights_sitenote_note":"","_monsterinsights_sitenote_category":0,"_uf_show_specific_survey":0,"_uf_disable_surveys":false,"_jetpack_memberships_contains_paid_content":false,"footnotes":"","jetpack_publicize_message":"Ley de Desaparici\u00f3n Forzada ser\u00e1 una realidad en Michoac\u00e1n: Brenda Fraga","jetpack_publicize_feature_enabled":true,"jetpack_social_post_already_shared":true,"jetpack_social_options":{"image_generator_settings":{"template":"highway","default_image_id":0,"enabled":false},"version":2}},"categories":[15],"tags":[],"class_list":{"0":"post-49025","1":"post","2":"type-post","3":"status-publish","4":"format-standard","5":"has-post-thumbnail","7":"category-michoacan"},"aioseo_notices":[],"jetpack_publicize_connections":[],"jetpack_featured_media_url":"https:\/\/mediagroup.mx\/wp-content\/uploads\/2023\/09\/83c04ee6-d0b8-4f99-8e6e-5564f495e1fe.jpeg","jetpack_sharing_enabled":true,"_links":{"self":[{"href":"https:\/\/mediagroup.mx\/index.php\/wp-json\/wp\/v2\/posts\/49025","targetHints":{"allow":["GET"]}}],"collection":[{"href":"https:\/\/mediagroup.mx\/index.php\/wp-json\/wp\/v2\/posts"}],"about":[{"href":"https:\/\/mediagroup.mx\/index.php\/wp-json\/wp\/v2\/types\/post"}],"author":[{"embeddable":true,"href":"https:\/\/mediagroup.mx\/index.php\/wp-json\/wp\/v2\/users\/2"}],"replies":[{"embeddable":true,"href":"https:\/\/mediagroup.mx\/index.php\/wp-json\/wp\/v2\/comments?post=49025"}],"version-history":[{"count":1,"href":"https:\/\/mediagroup.mx\/index.php\/wp-json\/wp\/v2\/posts\/49025\/revisions"}],"predecessor-version":[{"id":49027,"href":"https:\/\/mediagroup.mx\/index.php\/wp-json\/wp\/v2\/posts\/49025\/revisions\/49027"}],"wp:featuredmedia":[{"embeddable":true,"href":"https:\/\/mediagroup.mx\/index.php\/wp-json\/wp\/v2\/media\/49026"}],"wp:attachment":[{"href":"https:\/\/mediagroup.mx\/index.php\/wp-json\/wp\/v2\/media?parent=49025"}],"wp:term":[{"taxonomy":"category","embeddable":true,"href":"https:\/\/mediagroup.mx\/index.php\/wp-json\/wp\/v2\/categories?post=49025"},{"taxonomy":"post_tag","embeddable":true,"href":"https:\/\/mediagroup.mx\/index.php\/wp-json\/wp\/v2\/tags?post=49025"}],"curies":[{"name":"wp","href":"https:\/\/api.w.org\/{rel}","templated":true}]}}