{"id":49034,"date":"2023-09-06T01:28:54","date_gmt":"2023-09-06T01:28:54","guid":{"rendered":"https:\/\/mediagroup.mx\/?p=49034"},"modified":"2023-09-06T01:28:54","modified_gmt":"2023-09-06T01:28:54","slug":"separado-del-cargo-director-de-cereso-de-la-piedad-tras-fuga-de-reos-torres-pina","status":"publish","type":"post","link":"https:\/\/mediagroup.mx\/index.php\/2023\/09\/06\/separado-del-cargo-director-de-cereso-de-la-piedad-tras-fuga-de-reos-torres-pina\/","title":{"rendered":"Separado del cargo, Director de Cereso de La Piedad tras fuga de reos: Torres Pi\u00f1a"},"content":{"rendered":"<p>Luego de que se diera la fuga de tres reos del Centro Penitenciario de La Piedad, el secretario de gobierno Carlos Torres Pi\u00f1a, inform\u00f3 que se dio la orden de dar de baja al director del mismo, Edgardo P\u00e9rez, para que se realicen las investigaciones correspondientes.<\/p>\n<p>El encargado de la pol\u00edtica p\u00fablica, se\u00f1al\u00f3 durante entrevista con medios de comunicaci\u00f3n que, tras el reporte de la fuga de estos reos, se alert\u00f3 a los estados colindantes y a todas las fuerzas de seguridad para su b\u00fasqueda.<\/p>\n<p>El encargado de la pol\u00edtica interna de la entidad se\u00f1alo, \u201ctuvimos el reporte ayer por la tarde noche de la fuga, en aquel momento nos hablaban de dos, ya el director (Ignacio Mendoza), se traslad\u00f3 para all\u00e1 y se cotej\u00f3 la informaci\u00f3n, fueron 3 reos los que se fugaron, est\u00e1 la Fiscal\u00eda en el lugar de los hechos haciendo las investigaciones respectivas\u201d.<\/p>\n<p>Yo le ped\u00ed al Director General a \u201cNacho\u201d que separara al director del Centro de La Piedad del cargo provisionalmente, para que se hagan las investigaciones respectivas y revisar cualquier tema en particular\u201d, lo anterior como parte del protocolo ante este tipo de hechos, detall\u00f3 Torres Pi\u00f1a.<\/p>\n<p>Sobre la posibilidad de que los pr\u00f3fugos hayan recibido ayuda de personal al interior de Centro Penitenciario, el funcionario estatal sentenci\u00f3 que ya ser\u00e1 la Fiscal\u00eda General del Estado la que lo determin\u00e9, con base a la investigaci\u00f3n.<\/p>\n<p>Finalmente, Carlos Torres Pi\u00f1a inform\u00f3 que ya se trabaja coordinadamente con las autoridades de los estados vecinos para lograr la recaptura de los tres reos, aunado a que se mantiene un operativo interinstitucional en tierras michoacanas con el objetivo de dar con su paradero a la brevedad.<\/p>\n<p>Cabe recordar que entre los internos pr\u00f3fugos est\u00e1 Vicente Aguilar Huante, de 27 a\u00f1os de edad, domiciliado en el municipio de Zacapu y Francisco Javier Acosta Lara, de 31 a\u00f1os de edad, vecino de Morelia, ambos ex militares, quienes fueron sentenciados en el a\u00f1o 2018 por el homicidio del p\u00e1rroco de Janamuato Jos\u00e9 Alfredo L\u00f3pez Guill\u00e9n.<\/p>\n<p>El tercer pr\u00f3fugo es Juan Carpinteyro y\/o Juan Carpinteiro Pav\u00f3n, de 30 a\u00f1os de edad, vecino de la Ciudad de M\u00e9xico.<br \/>\nCualquier informaci\u00f3n sobre los pr\u00f3fugos se puede dar a los n\u00fameros telef\u00f3nicos 089 Denuncia An\u00f3nima y 911.<\/p>\n","protected":false},"excerpt":{"rendered":"<p>Luego de que se diera la fuga de tres reos del Centro Penitenciario de La Piedad, el secretario de gobierno Carlos Torres Pi\u00f1a, inform\u00f3 que se dio la orden de dar de baja al director del mismo, Edgardo P\u00e9rez, para que se realicen las investigaciones correspondientes. El encargado de la pol\u00edtica p\u00fablica, se\u00f1al\u00f3 durante entrevista [&hellip;]<\/p>\n","protected":false},"author":2,"featured_media":49035,"comment_status":"open","ping_status":"open","sticky":false,"template":"","format":"standard","meta":{"om_disable_all_campaigns":false,"_monsterinsights_skip_tracking":false,"_monsterinsights_sitenote_active":false,"_monsterinsights_sitenote_note":"","_monsterinsights_sitenote_category":0,"_uf_show_specific_survey":0,"_uf_disable_surveys":false,"_jetpack_memberships_contains_paid_content":false,"footnotes":"","jetpack_publicize_message":"Separado del cargo, Director de Cereso de La Piedad tras fuga de reos: Torres Pi\u00f1a","jetpack_publicize_feature_enabled":true,"jetpack_social_post_already_shared":true,"jetpack_social_options":{"image_generator_settings":{"template":"highway","default_image_id":0,"enabled":false},"version":2}},"categories":[24],"tags":[],"class_list":{"0":"post-49034","1":"post","2":"type-post","3":"status-publish","4":"format-standard","5":"has-post-thumbnail","7":"category-seguridad"},"aioseo_notices":[],"jetpack_publicize_connections":[],"jetpack_featured_media_url":"https:\/\/mediagroup.mx\/wp-content\/uploads\/2023\/09\/61e7b642-d195-4438-a078-a24952ceca90.jpeg","jetpack_sharing_enabled":true,"_links":{"self":[{"href":"https:\/\/mediagroup.mx\/index.php\/wp-json\/wp\/v2\/posts\/49034","targetHints":{"allow":["GET"]}}],"collection":[{"href":"https:\/\/mediagroup.mx\/index.php\/wp-json\/wp\/v2\/posts"}],"about":[{"href":"https:\/\/mediagroup.mx\/index.php\/wp-json\/wp\/v2\/types\/post"}],"author":[{"embeddable":true,"href":"https:\/\/mediagroup.mx\/index.php\/wp-json\/wp\/v2\/users\/2"}],"replies":[{"embeddable":true,"href":"https:\/\/mediagroup.mx\/index.php\/wp-json\/wp\/v2\/comments?post=49034"}],"version-history":[{"count":1,"href":"https:\/\/mediagroup.mx\/index.php\/wp-json\/wp\/v2\/posts\/49034\/revisions"}],"predecessor-version":[{"id":49036,"href":"https:\/\/mediagroup.mx\/index.php\/wp-json\/wp\/v2\/posts\/49034\/revisions\/49036"}],"wp:featuredmedia":[{"embeddable":true,"href":"https:\/\/mediagroup.mx\/index.php\/wp-json\/wp\/v2\/media\/49035"}],"wp:attachment":[{"href":"https:\/\/mediagroup.mx\/index.php\/wp-json\/wp\/v2\/media?parent=49034"}],"wp:term":[{"taxonomy":"category","embeddable":true,"href":"https:\/\/mediagroup.mx\/index.php\/wp-json\/wp\/v2\/categories?post=49034"},{"taxonomy":"post_tag","embeddable":true,"href":"https:\/\/mediagroup.mx\/index.php\/wp-json\/wp\/v2\/tags?post=49034"}],"curies":[{"name":"wp","href":"https:\/\/api.w.org\/{rel}","templated":true}]}}