{"id":49040,"date":"2023-09-06T21:35:06","date_gmt":"2023-09-06T21:35:06","guid":{"rendered":"https:\/\/mediagroup.mx\/?p=49040"},"modified":"2023-09-06T21:35:06","modified_gmt":"2023-09-06T21:35:06","slug":"suprema-corte-despenaliza-el-aborto-en-todo-mexico","status":"publish","type":"post","link":"https:\/\/mediagroup.mx\/index.php\/2023\/09\/06\/suprema-corte-despenaliza-el-aborto-en-todo-mexico\/","title":{"rendered":"Suprema Corte despenaliza el aborto en todo M\u00e9xico"},"content":{"rendered":"<p class=\"body-paragraph \">La Suprema Corte de Justicia de la Naci\u00f3n (SCJN) ha determinado este mi\u00e9rcoles qu<b>e es inconstitucional la penalizaci\u00f3n del <\/b><a href=\"https:\/\/www.elfinanciero.com.mx\/estados\/2023\/08\/30\/35-anos-de-lucha-suprema-corte-despenaliza-el-aborto-en-aguascalientes\/\" target=\"_top\" rel=\"noopener\"><b>aborto<\/b> <\/a>en el C\u00f3digo Penal Federal de M\u00e9xico.<\/p>\n<p class=\"body-paragraph \">De acuerdo con un breve tuit, la Primera Sala de la Corte resolvi\u00f3 que el castigo del delito de aborto es violatorio de los derechos humanos de las mujeres y personas con capacidad de gestar.<\/p>\n<p><iframe loading=\"lazy\" class=\"i-amphtml-fill-content\" title=\"Advertisement\" src=\"https:\/\/d-790142847835285871.ampproject.net\/2308242321000\/frame.html\" name=\"{&quot;host&quot;:&quot;d-790142847835285871.ampproject.net&quot;,&quot;bootstrap&quot;:&quot;https:\/\/3p.ampproject.net\/2308242321000\/vendor\/teads.mjs&quot;,&quot;type&quot;:&quot;teads&quot;,&quot;count&quot;:1,&quot;attributes&quot;:{&quot;pid&quot;:&quot;86144&quot;,&quot;ampSlotIndex&quot;:&quot;1&quot;,&quot;width&quot;:300,&quot;height&quot;:1,&quot;_context&quot;:{&quot;ampcontextVersion&quot;:&quot;2308242321000&quot;,&quot;ampcontextFilepath&quot;:&quot;https:\/\/3p.ampproject.net\/2308242321000\/ampcontext-v0.js&quot;,&quot;sourceUrl&quot;:&quot;https:\/\/www.elfinanciero.com.mx\/nacional\/2023\/09\/06\/suprema-corte-despenaliza-el-aborto-en-todo-mexico\/#origin=https%3A%2F%2Fwww.google.com%2F&amp;cap=swipe,education&amp;webview=1&amp;dialog=1&amp;viewport=natural&amp;visibilityState=prerender&amp;prerenderSize=1&amp;viewerUrl=https%3A%2F%2Fwww.google.com%2Famp%2Fs%2Fwww-elfinanciero-com-mx.cdn.ampproject.org%2Fc%2Fs%2Fwww.elfinanciero.com.mx%2Fnacional%2F2023%2F09%2F06%2Fsuprema-corte-despenaliza-el-aborto-en-todo-mexico%2F&quot;,&quot;referrer&quot;:&quot;https:\/\/www.google.com\/&quot;,&quot;canonicalUrl&quot;:&quot;https:\/\/www.elfinanciero.com.mx\/nacional\/2023\/09\/06\/suprema-corte-despenaliza-el-aborto-en-todo-mexico\/&quot;,&quot;pageViewId&quot;:&quot;86&quot;,&quot;location&quot;:{&quot;href&quot;:&quot;https:\/\/www-elfinanciero-com-mx.cdn.ampproject.org\/c\/s\/www.elfinanciero.com.mx\/nacional\/2023\/09\/06\/suprema-corte-despenaliza-el-aborto-en-todo-mexico\/#origin=https%3A%2F%2Fwww.google.com%2F&amp;cap=swipe,education&amp;webview=1&amp;dialog=1&amp;viewport=natural&amp;visibilityState=prerender&amp;prerenderSize=1&amp;viewerUrl=https%3A%2F%2Fwww.google.com%2Famp%2Fs%2Fwww-elfinanciero-com-mx.cdn.ampproject.org%2Fc%2Fs%2Fwww.elfinanciero.com.mx%2Fnacional%2F2023%2F09%2F06%2Fsuprema-corte-despenaliza-el-aborto-en-todo-mexico%2F&quot;},&quot;startTime&quot;:1694035958518,&quot;tagName&quot;:&quot;AMP-AD&quot;,&quot;mode&quot;:{&quot;localDev&quot;:false,&quot;development&quot;:false,&quot;esm&quot;:true,&quot;test&quot;:false,&quot;rtvVersion&quot;:&quot;012308242321000&quot;},&quot;canary&quot;:false,&quot;hidden&quot;:false,&quot;initialLayoutRect&quot;:{&quot;left&quot;:24,&quot;top&quot;:1274,&quot;width&quot;:345,&quot;height&quot;:1},&quot;domFingerprint&quot;:&quot;3368739661&quot;,&quot;experimentToggles&quot;:{&quot;canary&quot;:false,&quot;a4aProfilingRate&quot;:false,&quot;doubleclickSraExp&quot;:false,&quot;doubleclickSraReportExcludedBlock&quot;:false,&quot;flexAdSlots&quot;:false,&quot;flexible-bitrate&quot;:false,&quot;ios-fixed-no-transfer&quot;:false,&quot;story-ad-placements&quot;:false,&quot;story-disable-animations-first-page&quot;:true,&quot;story-load-inactive-outside-viewport&quot;:true,&quot;amp-sticky-ad-to-amp-ad-v4&quot;:false,&quot;story-video-cache-apply-audio&quot;:false,&quot;amp-story-subscriptions&quot;:true,&quot;esm&quot;:true,&quot;amp-story-first-page-max-bitrate&quot;:false,&quot;story-load-first-page-only&quot;:true,&quot;story-ad-page-outlink&quot;:false,&quot;amp-geo-ssr&quot;:true,&quot;story-remote-localization&quot;:true,&quot;attribution-reporting&quot;:false},&quot;sentinel&quot;:&quot;0-177585104235591971&quot;,&quot;clientId&quot;:null,&quot;container&quot;:null,&quot;initialConsentState&quot;:null,&quot;consentSharedData&quot;:null,&quot;initialConsentValue&quot;:null,&quot;initialConsentMetadata&quot;:null,&quot;pageViewId64&quot;:&quot;ySoIz0f3scgN1L7RTyjakA&quot;,&quot;initialIntersection&quot;:{&quot;time&quot;:2136,&quot;rootBounds&quot;:{&quot;left&quot;:0,&quot;top&quot;:0,&quot;width&quot;:393,&quot;height&quot;:733,&quot;bottom&quot;:733,&quot;right&quot;:393,&quot;x&quot;:0,&quot;y&quot;:0},&quot;boundingClientRect&quot;:{&quot;left&quot;:24,&quot;top&quot;:1274,&quot;width&quot;:345,&quot;height&quot;:1,&quot;bottom&quot;:1275,&quot;right&quot;:369,&quot;x&quot;:24,&quot;y&quot;:1274},&quot;intersectionRect&quot;:{&quot;left&quot;:0,&quot;top&quot;:0,&quot;width&quot;:0,&quot;height&quot;:0,&quot;bottom&quot;:0,&quot;right&quot;:0,&quot;x&quot;:0,&quot;y&quot;:0},&quot;intersectionRatio&quot;:0}},&quot;type&quot;:&quot;teads&quot;}}\" width=\"300\" height=\"1\" scrolling=\"no\" sandbox=\"allow-top-navigation-by-user-activation allow-popups-to-escape-sandbox allow-forms allow-modals allow-pointer-lock allow-popups allow-same-origin allow-scripts\" data-amp-3p-sentinel=\"0-177585104235591971\" data-mce-fragment=\"1\"><\/iframe><\/p>\n<div class=\"raw_html block-margin-bottom\">\n<blockquote class=\"twitter-tweet\"><p>La Primera Sala de <a href=\"https:\/\/twitter.com\/hashtag\/LaCorte?src=hash&amp;ref_src=twsrc%5Etfw\" target=\"_top\" rel=\"noopener\">#LaCorte<\/a> resolvi\u00f3 que es inconstitucional el sistema jur\u00eddico que penaliza el aborto en el C\u00f3digo Penal Federal, ya que viola los derechos humanos de las mujeres y personas con capacidad de gestar.<\/p>\n<p>\u2014 Suprema Corte (@SCJN) <a href=\"https:\/\/twitter.com\/SCJN\/status\/1699511329558581595?ref_src=twsrc%5Etfw\" target=\"_top\" rel=\"noopener\">September 6, 2023<\/a><\/p><\/blockquote>\n<\/div>\n<p class=\"body-paragraph \">La decisi\u00f3n se toma a partir de un amparo interpuesto por GIRE y otras organizaciones en contra del Congreso de la Uni\u00f3n y el Ejecutivo Federal por haber emitido una regulaci\u00f3n que criminaliza dicha pr\u00e1ctica.<\/p>\n<p class=\"body-paragraph \">\u201cLa Corte analiz\u00f3 este amparo y concluy\u00f3 que el <b>apartado del C\u00f3digo Penal Federal que criminaliza el aborto ya no tendr\u00e1 efectos <\/b>y, por lo tanto, a ninguna mujer o persona gestante, ni al personal de salud, se le podr\u00e1 castigar por abortar\u201d, apunt\u00f3 GIRE en un comunicado.<\/p>\n<p class=\"body-paragraph \">Al haberse aprobado por unanimidad, esta sentencia se vuelve obligatoria para todas y todos los jueces tanto federales como locales, quienes deber\u00e1n implementar lo determinado por la Corte.<\/p>\n<p>Solo falta que el Senado de la Rep\u00fablica y la C\u00e1mara de Diputados modifiquen el C\u00f3digo Penal Federal para eliminar el aborto como delito.<\/p>\n<p>Hace dos a\u00f1os, la Suprema Corte anul\u00f3 varios art\u00edculos del C\u00f3digo Penal del estado norte\u00f1o de Coahuila en los que se consideraba delito abortar y se criminalizaba tanto a las mujeres como al personal de salud que pudiera ayudarlas, lo que represent\u00f3 un gran avance en la lucha de las mexicanas por descriminalizar el aborto.<\/p>\n<p class=\"body-paragraph \">La semana pasada un nuevo estado mexicano, <a href=\"https:\/\/www.elfinanciero.com.mx\/estados\/2023\/08\/30\/35-anos-de-lucha-suprema-corte-despenaliza-el-aborto-en-aguascalientes\/\" target=\"_top\" rel=\"noopener\">Aguascalientes<\/a>, se incorporaba a la lista de entidades en despenalizar el aborto, tambi\u00e9n por un pronunciamiento de la Suprema Corte. Eran <b>12 de 22<\/b>.<\/p>\n<p class=\"body-paragraph \">La decisi\u00f3n llega en medio de una tendencia en Am\u00e9rica Latina en general en avanzar a favor del aborto mientras varios <a href=\"https:\/\/www.elfinanciero.com.mx\/mundo\/2023\/06\/24\/roe-vs-wade-la-resistencia-a-1-ano-de-que-la-corte-suprema-revocara-el-derecho-al-aborto\/\" target=\"_top\" rel=\"noopener\">estados de Estados Unidos caminan en sentido contrario, aumentando las restricciones<\/a>.<\/p>\n<h2>\u00bfIMSS o ISSSTE pueden practicar un aborto?<\/h2>\n<p class=\"body-paragraph \">Luego de la resoluci\u00f3n de la Suprema Corte, cualquier instituci\u00f3n de salud federal, ya sea IMSS, ISSSTE, Pemex y dem\u00e1s, deber\u00e1 brindar el servicio de aborto a todas las mujeres y personas con capacidad de gestar que lo soliciten, precis\u00f3 GIRE en su comunicado.<\/p>\n<p>Adem\u00e1s, el <b>personal m\u00e9dico de las instituciones federales de salud no podr\u00e1 ser criminalizado<\/b> por brindar este servicio.<\/p>\n<p>Con informaci\u00f3n de: El Financiero<\/p>\n","protected":false},"excerpt":{"rendered":"<p>La Suprema Corte de Justicia de la Naci\u00f3n (SCJN) ha determinado este mi\u00e9rcoles que es inconstitucional la penalizaci\u00f3n del aborto en el C\u00f3digo Penal Federal de M\u00e9xico. De acuerdo con un breve tuit, la Primera Sala de la Corte resolvi\u00f3 que el castigo del delito de aborto es violatorio de los derechos humanos de las [&hellip;]<\/p>\n","protected":false},"author":2,"featured_media":49041,"comment_status":"open","ping_status":"open","sticky":false,"template":"","format":"standard","meta":{"om_disable_all_campaigns":false,"_monsterinsights_skip_tracking":false,"_monsterinsights_sitenote_active":false,"_monsterinsights_sitenote_note":"","_monsterinsights_sitenote_category":0,"_uf_show_specific_survey":0,"_uf_disable_surveys":false,"_jetpack_memberships_contains_paid_content":false,"footnotes":"","jetpack_publicize_message":"Suprema Corte despenaliza el aborto en todo M\u00e9xico","jetpack_publicize_feature_enabled":true,"jetpack_social_post_already_shared":true,"jetpack_social_options":{"image_generator_settings":{"template":"highway","default_image_id":0,"enabled":false},"version":2}},"categories":[16],"tags":[],"class_list":{"0":"post-49040","1":"post","2":"type-post","3":"status-publish","4":"format-standard","5":"has-post-thumbnail","7":"category-viral"},"aioseo_notices":[],"jetpack_publicize_connections":[],"jetpack_featured_media_url":"https:\/\/mediagroup.mx\/wp-content\/uploads\/2023\/09\/IMG_2069.jpeg","jetpack_sharing_enabled":true,"_links":{"self":[{"href":"https:\/\/mediagroup.mx\/index.php\/wp-json\/wp\/v2\/posts\/49040","targetHints":{"allow":["GET"]}}],"collection":[{"href":"https:\/\/mediagroup.mx\/index.php\/wp-json\/wp\/v2\/posts"}],"about":[{"href":"https:\/\/mediagroup.mx\/index.php\/wp-json\/wp\/v2\/types\/post"}],"author":[{"embeddable":true,"href":"https:\/\/mediagroup.mx\/index.php\/wp-json\/wp\/v2\/users\/2"}],"replies":[{"embeddable":true,"href":"https:\/\/mediagroup.mx\/index.php\/wp-json\/wp\/v2\/comments?post=49040"}],"version-history":[{"count":1,"href":"https:\/\/mediagroup.mx\/index.php\/wp-json\/wp\/v2\/posts\/49040\/revisions"}],"predecessor-version":[{"id":49042,"href":"https:\/\/mediagroup.mx\/index.php\/wp-json\/wp\/v2\/posts\/49040\/revisions\/49042"}],"wp:featuredmedia":[{"embeddable":true,"href":"https:\/\/mediagroup.mx\/index.php\/wp-json\/wp\/v2\/media\/49041"}],"wp:attachment":[{"href":"https:\/\/mediagroup.mx\/index.php\/wp-json\/wp\/v2\/media?parent=49040"}],"wp:term":[{"taxonomy":"category","embeddable":true,"href":"https:\/\/mediagroup.mx\/index.php\/wp-json\/wp\/v2\/categories?post=49040"},{"taxonomy":"post_tag","embeddable":true,"href":"https:\/\/mediagroup.mx\/index.php\/wp-json\/wp\/v2\/tags?post=49040"}],"curies":[{"name":"wp","href":"https:\/\/api.w.org\/{rel}","templated":true}]}}