{"id":49044,"date":"2023-09-06T22:37:55","date_gmt":"2023-09-06T22:37:55","guid":{"rendered":"https:\/\/mediagroup.mx\/?p=49044"},"modified":"2023-09-06T22:37:55","modified_gmt":"2023-09-06T22:37:55","slug":"ebrard-pide-repetir-el-proceso-de-seleccion-del-candidato-presidencial-de-morena","status":"publish","type":"post","link":"https:\/\/mediagroup.mx\/index.php\/2023\/09\/06\/ebrard-pide-repetir-el-proceso-de-seleccion-del-candidato-presidencial-de-morena\/","title":{"rendered":"Ebrard pide repetir el proceso de selecci\u00f3n del candidato presidencial de Morena"},"content":{"rendered":"<p class=\"\">La interna presidencial del\u00a0<a href=\"https:\/\/elpais.com\/mexico\/2023-09-04\/morena-inicia-su-semana-clave-sheinbaum-y-ebrard-deberan-digerir-la-victoria-o-la-operacion-cicatriz.html\" data-link-track-dtm=\"\" data-mrf-link=\"https:\/\/elpais.com\/mexico\/2023-09-04\/morena-inicia-su-semana-clave-sheinbaum-y-ebrard-deberan-digerir-la-victoria-o-la-operacion-cicatriz.html\">Movimiento de Regeneraci\u00f3n Nacional<\/a>\u00a0(Morena) ha llegado a su momento clave en medio de peleas y descalificaciones. Marcelo Ebrard ha dicho este mi\u00e9rcoles en una explosiva conferencia de prensa, horas antes de conocer el resultado final, que el proceso de las encuestas debe repetirse. Ser\u00eda lo correcto, ha dicho, por la cantidad de incidencias reportadas en el procedimiento. \u201cAyer y hoy hemos encontrado, por desgracia, en las urnas, en las boletas, evidencias en una proporci\u00f3n superior y por eso se tard\u00f3 tanto todo el proceso. Nosotros afirmamos que esto debe reponerse, ya no tiene remedio\u201d, ha dicho en conferencia de prensa rodeado de sus seguidores. Al grito de \u201cfraude\u201d y \u201cpresidente, presidente\u201d, el exsecretario de Exteriores de Andr\u00e9s Manuel L\u00f3pez Obrador ha calificado al presidente de Morena, Mario Delgado, de \u201ccobarde\u201d y ha dicho que no ir\u00e1 al evento previsto para las 17.00 horas, donde se anunciar\u00e1 oficialmente al ganador de la interna. \u201cCada d\u00eda se parecen m\u00e1s al PRI [Partido Revolucionario Institucional]\u201d, ha sentenciado.<\/p>\n<p class=\"\">Ebrard ha asegurado adem\u00e1s que desde el partido \u201cimpidieron a la fuerza\u201d el ingreso de su equipo al edificio donde se est\u00e1 llevando a cabo el conteo oficial de Morena. Adem\u00e1s ha asegurado que los polic\u00edas de Ciudad de M\u00e9xico golpearon a la senadora Mal\u00fa M\u00edcher, su representante en el proceso de selecci\u00f3n, cuando intentaba entrar al sitio del recuento. \u201cJam\u00e1s pens\u00e9 vivir algo as\u00ed en mi propio partido\u201d, ha comentado en Twitter sobre lo sucedido. El equipo del excanciller reclam\u00f3 inconsistencia a lo largo de todo el proceso de selecci\u00f3n de candidato, no solo este mi\u00e9rcoles. El reclamo m\u00e1s fuerte es la eliminaci\u00f3n del piso parejo, a favor de Claudia Sheinbaum, exjefa de Gobierno de la capital. \u201cNo es una posici\u00f3n caprichosa, hay causales que nos animan a decir \u2018no se vale\u201d, ha comentado Martha Delgado. \u201cLa prueba no es representativa ni es algo que se pueda considerar como v\u00e1lido\u201d.<\/p>\n<div id=\"elpais_gpt-INTEXT\" data-google-query-id=\"CMS89sqFl4EDFbM1TwgdL3YP-w\">\n<div id=\"google_ads_iframe_7811748\/elpais_mexico_web_8__container__\"><iframe id=\"google_ads_iframe_7811748\/elpais_mexico_web_8\" tabindex=\"0\" title=\"3rd party ad content\" role=\"region\" name=\"google_ads_iframe_7811748\/elpais_mexico_web_8\" width=\"1\" height=\"1\" frameborder=\"0\" marginwidth=\"0\" marginheight=\"0\" scrolling=\"no\" aria-label=\"Advertisement\" data-load-complete=\"true\" data-google-container-id=\"9\" data-mce-fragment=\"1\"><\/iframe><\/div>\n<\/div>\n<p class=\"\">Mario Delgado no respondi\u00f3 a las acusaciones de Ebrard, en su lugar public\u00f3 un video junto a Alfonso Durazo, presidente del Consejo Nacional de Morena, en el que mostraban todo listo para acabar el conteo y dar a conocer los resultados en la tarde de este mi\u00e9rcoles. \u201c\u00a1Gracias a la y los aspirantes y sus equipos, a la dirigencia de Morena y a miles de militantes y simpatizantes que hicieron este evento hist\u00f3rico posible!\u201d, ha dicho en redes sociales el dirigente nacional.<\/p>\n<p class=\"\">Quienes s\u00ed respondieron fueron los gobernadores de Morena, que de la mano de Durazo sacaron un comunicado para respaldar el proceso de selecci\u00f3n. Al menos 22 titulares de Ejecutivos estatales firmaron el documento que asegura que este procedimiento ejecutado \u201cdestierra de tajo pr\u00e1cticas antidemocr\u00e1ticas\u201d. \u201cEl proceso cumpli\u00f3 plenamente con las reglas y objetivos que el Consejo Nacional estableci\u00f3 en la convocatoria correspondiente, ya que fue un ejercicio transparente, democr\u00e1tico, unitario y sobre todo participativo\u201d, se lee en el mensaje. Gerardo Fern\u00e1ndez Noro\u00f1a, otro de los aspirantes que particip\u00f3 en el proceso, admiti\u00f3 en un mensaje este mi\u00e9rcoles que hubo problemas e inconsistencias, pero asegur\u00f3 que no representaban un n\u00famero significativo como para cambiar el resultado final.<\/p>\n<p class=\"\"><a href=\"https:\/\/elpais.com\/mexico\/2023-09-06\/ebrard-afirma-que-defendera-la-legalidad-del-proceso-de-morena-no-nos-vamos-a-quedar-callados.html\" target=\"_blank\" rel=\"noopener\" data-link-track-dtm=\"\" data-mrf-link=\"https:\/\/elpais.com\/mexico\/2023-09-06\/ebrard-afirma-que-defendera-la-legalidad-del-proceso-de-morena-no-nos-vamos-a-quedar-callados.html\">El equipo de Ebrard\u00a0<\/a>hab\u00eda reclamado horas antes \u201cbastantes\u201d inconsistencias en el conteo. \u201cNos sigue preocupando este proceso\u201d, hab\u00eda dicho M\u00edcher. La metodolog\u00eda de elecci\u00f3n incluye una encuesta madre, hecha por el partido, y cuatro encuestas espejo, llevadas a cabo por casas de sondeos privadas. Los voceros del grupo de Ebrard han explicado que la mayor\u00eda de incidencias que encontraron estaban relacionadas con la encuesta hecha por Morena, que en esa alcanzaron a contar incidencias en un 14% de las urnas. Entre los fallos que hallaron, han se\u00f1alado, hab\u00eda errores en la documentaci\u00f3n de las urnas, o encuestas realizadas por el mismo encuestador. Algunas de las urnas fueron anuladas por estos problemas.<\/p>\n<p class=\"\">A horas de conocerse qui\u00e9n suceder\u00e1 a Andr\u00e9s Manuel L\u00f3pez Obrador en el liderazgo de la Cuarta Transformaci\u00f3n, las tensiones van al alza. Algunos dan por ganadora ya a<a href=\"https:\/\/elpais.com\/mexico\/2023-09-05\/cuenta-regresiva-en-morena-concluye-el-levantamiento-de-la-encuesta-presidencial-y-comienza-el-conteo-de-boletas.html\" data-link-track-dtm=\"\" data-mrf-link=\"https:\/\/elpais.com\/mexico\/2023-09-05\/cuenta-regresiva-en-morena-concluye-el-levantamiento-de-la-encuesta-presidencial-y-comienza-el-conteo-de-boletas.html\">\u00a0la exjefa de Gobierno de Ciudad de M\u00e9xico Claudia Sheinbaum<\/a>, mientras que otros posicionan a los dos favoritos muy cerca. Desde inicios de la semana, Ebrard se mostr\u00f3 receloso. \u201cSigo muy preocupado por el proceso de la encuesta en curso. Ma\u00f1ana haremos revisi\u00f3n con nuestros representantes de las incidencias y problemas\u201d, dijo el lunes pasado. Su equipo ha explicado este mi\u00e9rcoles que presentaron ante el Consejo Nacional de Morena una serie de reclamos, como que los otros equipos conoc\u00edan las secciones que iban a ser encuestadas con antelaci\u00f3n, y que supuestamente realizaron entrega de volantes de propaganda en esos puntos.<\/p>\n<p class=\"\">\u201cHa habido una serie de situaciones y de incidencias que a nuestro parecer no podr\u00edan seguir sucediendo\u201d, ha dicho M\u00edcher, y ha agregado que solo buscan proteger \u201cun proceso democr\u00e1tico\u201d que est\u00e9 apegado al acuerdo que realizaron los seis aspirantes a la candidatura el pasado junio. El grupo del exsecretario de Exteriores insisti\u00f3 en que se han quedado hasta ahora en el proceso, pero que quieren que sea una elecci\u00f3n justa y limpia. \u201cHemos visto algunas incidencias que se han visto reflejadas ya en la anulaci\u00f3n de algunas urnas\u201d, ha agregado una segunda portavoz. Los problemas que reportaron fueron errores en la documentaci\u00f3n, como que no coinciden los datos registrados de las urnas, o falta de documentaci\u00f3n, como urnas que llegaron al conteo sin actas o que llegaron incompletas \u2014porque le faltaban votos\u2014. \u201cEsto ha llevado a que tengamos bastantes incidencias que se han demostrado\u201d, ha agregado.<\/p>\n<p class=\"\">El equipo de Ebrard ha dicho que<a href=\"https:\/\/elpais.com\/mexico\/2023-08-18\/ebrard-descarta-irse-de-morena-y-pide-revisar-la-seleccion-de-las-casas-encuestadoras.html\" data-link-track-dtm=\"\" data-mrf-link=\"https:\/\/elpais.com\/mexico\/2023-08-18\/ebrard-descarta-irse-de-morena-y-pide-revisar-la-seleccion-de-las-casas-encuestadoras.html\">\u00a0estaban preparados \u201cpara esta situaci\u00f3n<\/a>\u201d, pero que est\u00e1n \u201csorprendidos del nivel de incidencias que ha existido\u201d. \u201c\u00bfQu\u00e9 ha dicho siempre Marcelo? \u00c9l quiere que la gente decida, que se respete la decisi\u00f3n de la gente, es lo que estamos abonando\u201d, han declarado. \u201cNo lo estamos diciendo porque vayamos a perder, o porque vayamos a ganar, lo estamos haciendo porque somos unos dem\u00f3cratas\u201d. Ebrard casi no se ha pronunciado hasta la explosiva conferencia de prensa. Su \u00faltimo mensaje en la ma\u00f1ana de este mi\u00e9rcoles rezaba: \u201cNuestro objetivo es defender a carta cabal el voto libre (boletas en encuesta) de la ciudadan\u00eda\u201d.<\/p>\n<p>Con informaci\u00f3n de: El Pa\u00eds<\/p>\n","protected":false},"excerpt":{"rendered":"<p>La interna presidencial del\u00a0Movimiento de Regeneraci\u00f3n Nacional\u00a0(Morena) ha llegado a su momento clave en medio de peleas y descalificaciones. Marcelo Ebrard ha dicho este mi\u00e9rcoles en una explosiva conferencia de prensa, horas antes de conocer el resultado final, que el proceso de las encuestas debe repetirse. Ser\u00eda lo correcto, ha dicho, por la cantidad de [&hellip;]<\/p>\n","protected":false},"author":2,"featured_media":49045,"comment_status":"open","ping_status":"open","sticky":false,"template":"","format":"standard","meta":{"om_disable_all_campaigns":false,"_monsterinsights_skip_tracking":false,"_monsterinsights_sitenote_active":false,"_monsterinsights_sitenote_note":"","_monsterinsights_sitenote_category":0,"_uf_show_specific_survey":0,"_uf_disable_surveys":false,"_jetpack_memberships_contains_paid_content":false,"footnotes":"","jetpack_publicize_message":"Ebrard pide repetir el proceso de selecci\u00f3n del candidato presidencial de Morena","jetpack_publicize_feature_enabled":true,"jetpack_social_post_already_shared":true,"jetpack_social_options":{"image_generator_settings":{"template":"highway","default_image_id":0,"enabled":false},"version":2}},"categories":[23],"tags":[],"class_list":{"0":"post-49044","1":"post","2":"type-post","3":"status-publish","4":"format-standard","5":"has-post-thumbnail","7":"category-nacional"},"aioseo_notices":[],"jetpack_publicize_connections":[],"jetpack_featured_media_url":"https:\/\/mediagroup.mx\/wp-content\/uploads\/2023\/09\/Captura-de-pantalla-2023-09-06-a-las-16.36.39.png","jetpack_sharing_enabled":true,"_links":{"self":[{"href":"https:\/\/mediagroup.mx\/index.php\/wp-json\/wp\/v2\/posts\/49044","targetHints":{"allow":["GET"]}}],"collection":[{"href":"https:\/\/mediagroup.mx\/index.php\/wp-json\/wp\/v2\/posts"}],"about":[{"href":"https:\/\/mediagroup.mx\/index.php\/wp-json\/wp\/v2\/types\/post"}],"author":[{"embeddable":true,"href":"https:\/\/mediagroup.mx\/index.php\/wp-json\/wp\/v2\/users\/2"}],"replies":[{"embeddable":true,"href":"https:\/\/mediagroup.mx\/index.php\/wp-json\/wp\/v2\/comments?post=49044"}],"version-history":[{"count":1,"href":"https:\/\/mediagroup.mx\/index.php\/wp-json\/wp\/v2\/posts\/49044\/revisions"}],"predecessor-version":[{"id":49046,"href":"https:\/\/mediagroup.mx\/index.php\/wp-json\/wp\/v2\/posts\/49044\/revisions\/49046"}],"wp:featuredmedia":[{"embeddable":true,"href":"https:\/\/mediagroup.mx\/index.php\/wp-json\/wp\/v2\/media\/49045"}],"wp:attachment":[{"href":"https:\/\/mediagroup.mx\/index.php\/wp-json\/wp\/v2\/media?parent=49044"}],"wp:term":[{"taxonomy":"category","embeddable":true,"href":"https:\/\/mediagroup.mx\/index.php\/wp-json\/wp\/v2\/categories?post=49044"},{"taxonomy":"post_tag","embeddable":true,"href":"https:\/\/mediagroup.mx\/index.php\/wp-json\/wp\/v2\/tags?post=49044"}],"curies":[{"name":"wp","href":"https:\/\/api.w.org\/{rel}","templated":true}]}}