{"id":49047,"date":"2023-09-06T22:39:55","date_gmt":"2023-09-06T22:39:55","guid":{"rendered":"https:\/\/mediagroup.mx\/?p=49047"},"modified":"2023-09-06T22:39:56","modified_gmt":"2023-09-06T22:39:56","slug":"llama-guillermo-valencia-al-iem-a-tomar-su-responsabilidad-en-la-seguridad-del-proximo-proceso-electoral","status":"publish","type":"post","link":"https:\/\/mediagroup.mx\/index.php\/2023\/09\/06\/llama-guillermo-valencia-al-iem-a-tomar-su-responsabilidad-en-la-seguridad-del-proximo-proceso-electoral\/","title":{"rendered":"Llama Guillermo Valencia al IEM a tomar su responsabilidad en la seguridad del pr\u00f3ximo proceso electoral"},"content":{"rendered":"<p style=\"text-align: justify;\">\u201cS\u00ed en algunas regiones del estado no hay condiciones para llevar a cabo actividades agr\u00edcolas, menos las habr\u00e1 para llevar a cabo un proceso electoral\u201d, se\u00f1al\u00f3 el dirigente estatal del Partido Revolucionario Institucional, Guillermo Valencia Reyes acerca de las declaraciones realizadas por el consejero presidente del Instituto Electoral de Michoac\u00e1n (IEM), Ignacio Hurtado G\u00f3mez, en donde se\u00f1al\u00f3 que las condiciones se generan d\u00eda con d\u00eda.<\/p>\n<p style=\"text-align: justify;\">Valencia Reyes hizo el llamado a que no evada sus responsabilidades, pues declar\u00f3 que no se trata de construir las condiciones d\u00eda con d\u00eda, sino que tiene que reconocer que estas no existen y plantear el c\u00f3mo se generar\u00e1n para que el pr\u00f3ximo proceso electoral sea seguro para la ciudadan\u00eda.<\/p>\n<p style=\"text-align: justify;\">Adem\u00e1s, hizo apunt\u00f3 que espera que el llamado que realiz\u00f3 el consejero presidente a la ciudadan\u00eda de hacer suyo el proceso electoral no lo escuchen los delincuentes e impongan candidatos en los pr\u00f3ximos comicios.<\/p>\n<p style=\"text-align: justify;\">Finalmente, resalt\u00f3 su preocupaci\u00f3n por la falta de un posicionamiento por parte del Instituto Electoral ante la inseguridad del estado e indic\u00f3 que la postura del PRI es de preocupaci\u00f3n por el pr\u00f3ximo proceso electoral.<\/p>\n<p>Por: Miguel Santos<\/p>\n","protected":false},"excerpt":{"rendered":"<p>\u201cS\u00ed en algunas regiones del estado no hay condiciones para llevar a cabo actividades agr\u00edcolas, menos las habr\u00e1 para llevar a cabo un proceso electoral\u201d, se\u00f1al\u00f3 el dirigente estatal del Partido Revolucionario Institucional, Guillermo Valencia Reyes acerca de las declaraciones realizadas por el consejero presidente del Instituto Electoral de Michoac\u00e1n (IEM), Ignacio Hurtado G\u00f3mez, en [&hellip;]<\/p>\n","protected":false},"author":2,"featured_media":49048,"comment_status":"open","ping_status":"open","sticky":false,"template":"","format":"standard","meta":{"om_disable_all_campaigns":false,"_monsterinsights_skip_tracking":false,"_monsterinsights_sitenote_active":false,"_monsterinsights_sitenote_note":"","_monsterinsights_sitenote_category":0,"_uf_show_specific_survey":0,"_uf_disable_surveys":false,"_jetpack_memberships_contains_paid_content":false,"footnotes":"","jetpack_publicize_message":"Llama Guillermo Valencia al IEM a tomar su responsabilidad en la seguridad del pr\u00f3ximo proceso electoral","jetpack_publicize_feature_enabled":true,"jetpack_social_post_already_shared":true,"jetpack_social_options":{"image_generator_settings":{"template":"highway","default_image_id":0,"enabled":false},"version":2}},"categories":[15],"tags":[],"class_list":{"0":"post-49047","1":"post","2":"type-post","3":"status-publish","4":"format-standard","5":"has-post-thumbnail","7":"category-michoacan"},"aioseo_notices":[],"jetpack_publicize_connections":[],"jetpack_featured_media_url":"https:\/\/mediagroup.mx\/wp-content\/uploads\/2023\/09\/WhatsApp-Image-2023-09-06-at-1.54.54-PM.jpeg","jetpack_sharing_enabled":true,"_links":{"self":[{"href":"https:\/\/mediagroup.mx\/index.php\/wp-json\/wp\/v2\/posts\/49047","targetHints":{"allow":["GET"]}}],"collection":[{"href":"https:\/\/mediagroup.mx\/index.php\/wp-json\/wp\/v2\/posts"}],"about":[{"href":"https:\/\/mediagroup.mx\/index.php\/wp-json\/wp\/v2\/types\/post"}],"author":[{"embeddable":true,"href":"https:\/\/mediagroup.mx\/index.php\/wp-json\/wp\/v2\/users\/2"}],"replies":[{"embeddable":true,"href":"https:\/\/mediagroup.mx\/index.php\/wp-json\/wp\/v2\/comments?post=49047"}],"version-history":[{"count":1,"href":"https:\/\/mediagroup.mx\/index.php\/wp-json\/wp\/v2\/posts\/49047\/revisions"}],"predecessor-version":[{"id":49049,"href":"https:\/\/mediagroup.mx\/index.php\/wp-json\/wp\/v2\/posts\/49047\/revisions\/49049"}],"wp:featuredmedia":[{"embeddable":true,"href":"https:\/\/mediagroup.mx\/index.php\/wp-json\/wp\/v2\/media\/49048"}],"wp:attachment":[{"href":"https:\/\/mediagroup.mx\/index.php\/wp-json\/wp\/v2\/media?parent=49047"}],"wp:term":[{"taxonomy":"category","embeddable":true,"href":"https:\/\/mediagroup.mx\/index.php\/wp-json\/wp\/v2\/categories?post=49047"},{"taxonomy":"post_tag","embeddable":true,"href":"https:\/\/mediagroup.mx\/index.php\/wp-json\/wp\/v2\/tags?post=49047"}],"curies":[{"name":"wp","href":"https:\/\/api.w.org\/{rel}","templated":true}]}}