{"id":49050,"date":"2023-09-06T22:40:52","date_gmt":"2023-09-06T22:40:52","guid":{"rendered":"https:\/\/mediagroup.mx\/?p=49050"},"modified":"2023-09-06T22:40:52","modified_gmt":"2023-09-06T22:40:52","slug":"abuso-policial-por-parte-de-la-guardia-civil-se-esta-politizando-senala-guillermo-valencia","status":"publish","type":"post","link":"https:\/\/mediagroup.mx\/index.php\/2023\/09\/06\/abuso-policial-por-parte-de-la-guardia-civil-se-esta-politizando-senala-guillermo-valencia\/","title":{"rendered":"Abuso policial por parte de la Guardia Civil se est\u00e1 politizando, se\u00f1ala Guillermo Valencia"},"content":{"rendered":"<p style=\"text-align: justify;\">El dirigente Del Partido Revolucionario Institucional (PRI), Guillermo Valencia Reyes, se\u00f1al\u00f3 que el caso de abuso policial por parte de la Guardia Civil en contra de un civil que se dio a conocer en redes sociales se est\u00e1 politizando por los gobiernos estatal y municipal.<\/p>\n<p style=\"text-align: justify;\">El dirigente se\u00f1al\u00f3 que evitar este tipo de acciones se puede evitar el aplicando la ley en contra de estos elementos, e indic\u00f3 que lo m\u00e1s preocupante es la polarizaci\u00f3n entre las dos compa\u00f1\u00edas policiales pues los m\u00e1s afectados son la ciudadan\u00eda.<\/p>\n<p style=\"text-align: justify;\">Asimismo, indic\u00f3 que no se debe juzgar a una corporaci\u00f3n policiaca completamente por algunos malos elementos, por lo que llam\u00f3 a no generalizar.<\/p>\n<p style=\"text-align: justify;\">Finalmente, hizo un llamado al Gobierno del Estado a dar un castigo ejemplar a estos elementos a los cuales llam\u00f3 delincuentes e indic\u00f3 que la Fiscal\u00eda General del Estado debe investigar este delito.<\/p>\n<p>Por: Miguel Santos<\/p>\n","protected":false},"excerpt":{"rendered":"<p>El dirigente Del Partido Revolucionario Institucional (PRI), Guillermo Valencia Reyes, se\u00f1al\u00f3 que el caso de abuso policial por parte de la Guardia Civil en contra de un civil que se dio a conocer en redes sociales se est\u00e1 politizando por los gobiernos estatal y municipal. El dirigente se\u00f1al\u00f3 que evitar este tipo de acciones se [&hellip;]<\/p>\n","protected":false},"author":2,"featured_media":49051,"comment_status":"open","ping_status":"open","sticky":false,"template":"","format":"standard","meta":{"om_disable_all_campaigns":false,"_monsterinsights_skip_tracking":false,"_monsterinsights_sitenote_active":false,"_monsterinsights_sitenote_note":"","_monsterinsights_sitenote_category":0,"_uf_show_specific_survey":0,"_uf_disable_surveys":false,"_jetpack_memberships_contains_paid_content":false,"footnotes":"","jetpack_publicize_message":"Abuso policial por parte de la Guardia Civil se est\u00e1 politizando, se\u00f1ala Guillermo Valencia","jetpack_publicize_feature_enabled":true,"jetpack_social_post_already_shared":true,"jetpack_social_options":{"image_generator_settings":{"template":"highway","default_image_id":0,"enabled":false},"version":2}},"categories":[15],"tags":[],"class_list":{"0":"post-49050","1":"post","2":"type-post","3":"status-publish","4":"format-standard","5":"has-post-thumbnail","7":"category-michoacan"},"aioseo_notices":[],"jetpack_publicize_connections":[],"jetpack_featured_media_url":"https:\/\/mediagroup.mx\/wp-content\/uploads\/2023\/09\/WhatsApp-Image-2023-09-06-at-2.21.48-PM.jpeg","jetpack_sharing_enabled":true,"_links":{"self":[{"href":"https:\/\/mediagroup.mx\/index.php\/wp-json\/wp\/v2\/posts\/49050","targetHints":{"allow":["GET"]}}],"collection":[{"href":"https:\/\/mediagroup.mx\/index.php\/wp-json\/wp\/v2\/posts"}],"about":[{"href":"https:\/\/mediagroup.mx\/index.php\/wp-json\/wp\/v2\/types\/post"}],"author":[{"embeddable":true,"href":"https:\/\/mediagroup.mx\/index.php\/wp-json\/wp\/v2\/users\/2"}],"replies":[{"embeddable":true,"href":"https:\/\/mediagroup.mx\/index.php\/wp-json\/wp\/v2\/comments?post=49050"}],"version-history":[{"count":1,"href":"https:\/\/mediagroup.mx\/index.php\/wp-json\/wp\/v2\/posts\/49050\/revisions"}],"predecessor-version":[{"id":49052,"href":"https:\/\/mediagroup.mx\/index.php\/wp-json\/wp\/v2\/posts\/49050\/revisions\/49052"}],"wp:featuredmedia":[{"embeddable":true,"href":"https:\/\/mediagroup.mx\/index.php\/wp-json\/wp\/v2\/media\/49051"}],"wp:attachment":[{"href":"https:\/\/mediagroup.mx\/index.php\/wp-json\/wp\/v2\/media?parent=49050"}],"wp:term":[{"taxonomy":"category","embeddable":true,"href":"https:\/\/mediagroup.mx\/index.php\/wp-json\/wp\/v2\/categories?post=49050"},{"taxonomy":"post_tag","embeddable":true,"href":"https:\/\/mediagroup.mx\/index.php\/wp-json\/wp\/v2\/tags?post=49050"}],"curies":[{"name":"wp","href":"https:\/\/api.w.org\/{rel}","templated":true}]}}