{"id":49056,"date":"2023-09-06T22:44:38","date_gmt":"2023-09-06T22:44:38","guid":{"rendered":"https:\/\/mediagroup.mx\/?p=49056"},"modified":"2023-09-06T22:44:38","modified_gmt":"2023-09-06T22:44:38","slug":"secretaria-de-salud-capacitara-a-docentes-para-la-prevencion-del-suicidio-entre-estudiantes","status":"publish","type":"post","link":"https:\/\/mediagroup.mx\/index.php\/2023\/09\/06\/secretaria-de-salud-capacitara-a-docentes-para-la-prevencion-del-suicidio-entre-estudiantes\/","title":{"rendered":"Secretar\u00eda de Salud capacitar\u00e1 a docentes para la prevenci\u00f3n del suicidio entre estudiantes"},"content":{"rendered":"<p style=\"text-align: justify;\">En el marco del D\u00eda Mundial para la Prevenci\u00f3n del Suicidio, la Secretar\u00eda de Salud de Michoac\u00e1n (SSM), a trav\u00e9s de la Direcci\u00f3n de Salud Mental, realizar\u00e1 este s\u00e1bado 9 de septiembre, un taller dirigido al sector docente para capacitarlo en \u201chabilidades para la vida\u201d con el objetivo de identificar y atender de manera oportuna comportamiento suicidas entre ni\u00f1as, ni\u00f1os y adolescentes en las instituciones educativas.<\/p>\n<p style=\"text-align: justify;\">En un comunicado, la dependencia estatal inform\u00f3 que este curso, est\u00e1 dirigido a docentes y profesionales de la salud y quienes ser\u00e1n instruidos para conocer la conducta de los j\u00f3venes con ansiedad y depresi\u00f3n, adem\u00e1s de c\u00f3mo implementar en el aula actividades que fomenten el manejo de emociones, la prevenci\u00f3n del suicidio y el autoconocimiento mediante la \u201carteterapia\u201d.<\/p>\n<p style=\"text-align: justify;\">Adem\u00e1s, los asistentes ser\u00e1n capacitados para informar a los menores sobre los servicios de atenci\u00f3n a la salud mental disponibles de forma gratuita en centros de salud del estado, entre ellos, el Hospital Psiqui\u00e1trico de Morelia \u201cDr. Jos\u00e9 Torres Orozco\u201d y los cuatro Centros Comunitarios de Salud Mental y Adicciones (Cecosama) ubicados en Morelia, Uruapan, L\u00e1zaro C\u00e1rdenas y Zit\u00e1cuaro; as\u00ed como el Centro Integral de Salud Mental (Cisame) de Zamora.<\/p>\n<p style=\"text-align: justify;\">En ese sentido, la SSM agrega que las personas interesadas en inscribirse a este taller, deber\u00e1n enviar un mensaje v\u00eda WhatsApp al n\u00famero 443 939 0856, de 9:00 a 18:00 horas para esta actividad que llevar\u00e1 a cabo en la Direcci\u00f3n de Salud Mental, ubicada en calle Privada de Canad\u00e1 90, colonia Las Am\u00e9ricas, a partir de las 9:00 horas en la ciudad de Morelia.<\/p>\n<p>Por: Oscar Mendoza<\/p>\n","protected":false},"excerpt":{"rendered":"<p>En el marco del D\u00eda Mundial para la Prevenci\u00f3n del Suicidio, la Secretar\u00eda de Salud de Michoac\u00e1n (SSM), a trav\u00e9s de la Direcci\u00f3n de Salud Mental, realizar\u00e1 este s\u00e1bado 9 de septiembre, un taller dirigido al sector docente para capacitarlo en \u201chabilidades para la vida\u201d con el objetivo de identificar y atender de manera oportuna [&hellip;]<\/p>\n","protected":false},"author":2,"featured_media":49057,"comment_status":"open","ping_status":"open","sticky":false,"template":"","format":"standard","meta":{"om_disable_all_campaigns":false,"_monsterinsights_skip_tracking":false,"_monsterinsights_sitenote_active":false,"_monsterinsights_sitenote_note":"","_monsterinsights_sitenote_category":0,"_uf_show_specific_survey":0,"_uf_disable_surveys":false,"_jetpack_memberships_contains_paid_content":false,"footnotes":"","jetpack_publicize_message":"Secretar\u00eda de Salud capacitar\u00e1 a docentes para la prevenci\u00f3n del suicidio entre estudiantes","jetpack_publicize_feature_enabled":true,"jetpack_social_post_already_shared":true,"jetpack_social_options":{"image_generator_settings":{"template":"highway","default_image_id":0,"enabled":false},"version":2}},"categories":[20],"tags":[],"class_list":{"0":"post-49056","1":"post","2":"type-post","3":"status-publish","4":"format-standard","5":"has-post-thumbnail","7":"category-salud"},"aioseo_notices":[],"jetpack_publicize_connections":[],"jetpack_featured_media_url":"https:\/\/mediagroup.mx\/wp-content\/uploads\/2023\/09\/WhatsApp-Image-2023-09-06-at-2.51.24-PM.jpeg","jetpack_sharing_enabled":true,"_links":{"self":[{"href":"https:\/\/mediagroup.mx\/index.php\/wp-json\/wp\/v2\/posts\/49056","targetHints":{"allow":["GET"]}}],"collection":[{"href":"https:\/\/mediagroup.mx\/index.php\/wp-json\/wp\/v2\/posts"}],"about":[{"href":"https:\/\/mediagroup.mx\/index.php\/wp-json\/wp\/v2\/types\/post"}],"author":[{"embeddable":true,"href":"https:\/\/mediagroup.mx\/index.php\/wp-json\/wp\/v2\/users\/2"}],"replies":[{"embeddable":true,"href":"https:\/\/mediagroup.mx\/index.php\/wp-json\/wp\/v2\/comments?post=49056"}],"version-history":[{"count":1,"href":"https:\/\/mediagroup.mx\/index.php\/wp-json\/wp\/v2\/posts\/49056\/revisions"}],"predecessor-version":[{"id":49058,"href":"https:\/\/mediagroup.mx\/index.php\/wp-json\/wp\/v2\/posts\/49056\/revisions\/49058"}],"wp:featuredmedia":[{"embeddable":true,"href":"https:\/\/mediagroup.mx\/index.php\/wp-json\/wp\/v2\/media\/49057"}],"wp:attachment":[{"href":"https:\/\/mediagroup.mx\/index.php\/wp-json\/wp\/v2\/media?parent=49056"}],"wp:term":[{"taxonomy":"category","embeddable":true,"href":"https:\/\/mediagroup.mx\/index.php\/wp-json\/wp\/v2\/categories?post=49056"},{"taxonomy":"post_tag","embeddable":true,"href":"https:\/\/mediagroup.mx\/index.php\/wp-json\/wp\/v2\/tags?post=49056"}],"curies":[{"name":"wp","href":"https:\/\/api.w.org\/{rel}","templated":true}]}}