{"id":49059,"date":"2023-09-06T22:45:57","date_gmt":"2023-09-06T22:45:57","guid":{"rendered":"https:\/\/mediagroup.mx\/?p=49059"},"modified":"2023-09-06T22:45:57","modified_gmt":"2023-09-06T22:45:57","slug":"con-nuevo-hospital-del-imss-en-uruapan-aguacateros-obligados-a-dar-prestaciones-a-empleados-gobernador","status":"publish","type":"post","link":"https:\/\/mediagroup.mx\/index.php\/2023\/09\/06\/con-nuevo-hospital-del-imss-en-uruapan-aguacateros-obligados-a-dar-prestaciones-a-empleados-gobernador\/","title":{"rendered":"Con nuevo Hospital del IMSS en Uruapan, aguacateros obligados a dar prestaciones a empleados: gobernador"},"content":{"rendered":"<p style=\"text-align: justify;\">El gobernador del estado, Alfredo Ram\u00edrez Bedolla, manifest\u00f3 que con la pr\u00f3xima construcci\u00f3n de un nuevo Hospital Regional del Seguro Social (IMSS) en Uruapan, el sector patronal de esa zona de Michoac\u00e1n no tendr\u00e1 pretextos para continuar sin dar prestaciones a todos sus empleados.<\/p>\n<p style=\"text-align: justify;\">A decir del mandatario, con este proyecto para la llamada Perla del Cupatitzio, se da seguimiento al plan estatal para formalizar a las y los trabajadores de la agroindustria michoacana, entre ellos, cortadores y empacadores de aguacate.<\/p>\n<p>En tanto, la subsecretaria del Trabajo y Previsi\u00f3n Social de la Secretar\u00eda de Desarrollo Econ\u00f3mico (Sedeco), Laura Yunu\u00e9n Mej\u00eda B\u00e9jar, reiter\u00f3 el llamado del Gobierno de Michoac\u00e1n para el sector patronal, y al cual, se le invita obtener una certificaci\u00f3n en el cumplimiento a la Ley Federal del Trabajo con el compromiso de no realizar inspecciones en sus centros laborales en el periodo de un a\u00f1o.<\/p>\n<p>Por: Oscar Mendoza<\/p>\n","protected":false},"excerpt":{"rendered":"<p>El gobernador del estado, Alfredo Ram\u00edrez Bedolla, manifest\u00f3 que con la pr\u00f3xima construcci\u00f3n de un nuevo Hospital Regional del Seguro Social (IMSS) en Uruapan, el sector patronal de esa zona de Michoac\u00e1n no tendr\u00e1 pretextos para continuar sin dar prestaciones a todos sus empleados. A decir del mandatario, con este proyecto para la llamada Perla [&hellip;]<\/p>\n","protected":false},"author":2,"featured_media":49060,"comment_status":"open","ping_status":"open","sticky":false,"template":"","format":"standard","meta":{"om_disable_all_campaigns":false,"_monsterinsights_skip_tracking":false,"_monsterinsights_sitenote_active":false,"_monsterinsights_sitenote_note":"","_monsterinsights_sitenote_category":0,"_uf_show_specific_survey":0,"_uf_disable_surveys":false,"_jetpack_memberships_contains_paid_content":false,"footnotes":"","jetpack_publicize_message":"Con nuevo Hospital del IMSS en Uruapan, aguacateros obligados a dar prestaciones a empleados: gobernador","jetpack_publicize_feature_enabled":true,"jetpack_social_post_already_shared":true,"jetpack_social_options":{"image_generator_settings":{"template":"highway","default_image_id":0,"enabled":false},"version":2}},"categories":[15,20],"tags":[],"class_list":{"0":"post-49059","1":"post","2":"type-post","3":"status-publish","4":"format-standard","5":"has-post-thumbnail","7":"category-michoacan","8":"category-salud"},"aioseo_notices":[],"jetpack_publicize_connections":[],"jetpack_featured_media_url":"https:\/\/mediagroup.mx\/wp-content\/uploads\/2023\/09\/WhatsApp-Image-2023-09-06-at-3.02.28-PM.jpeg","jetpack_sharing_enabled":true,"_links":{"self":[{"href":"https:\/\/mediagroup.mx\/index.php\/wp-json\/wp\/v2\/posts\/49059","targetHints":{"allow":["GET"]}}],"collection":[{"href":"https:\/\/mediagroup.mx\/index.php\/wp-json\/wp\/v2\/posts"}],"about":[{"href":"https:\/\/mediagroup.mx\/index.php\/wp-json\/wp\/v2\/types\/post"}],"author":[{"embeddable":true,"href":"https:\/\/mediagroup.mx\/index.php\/wp-json\/wp\/v2\/users\/2"}],"replies":[{"embeddable":true,"href":"https:\/\/mediagroup.mx\/index.php\/wp-json\/wp\/v2\/comments?post=49059"}],"version-history":[{"count":1,"href":"https:\/\/mediagroup.mx\/index.php\/wp-json\/wp\/v2\/posts\/49059\/revisions"}],"predecessor-version":[{"id":49061,"href":"https:\/\/mediagroup.mx\/index.php\/wp-json\/wp\/v2\/posts\/49059\/revisions\/49061"}],"wp:featuredmedia":[{"embeddable":true,"href":"https:\/\/mediagroup.mx\/index.php\/wp-json\/wp\/v2\/media\/49060"}],"wp:attachment":[{"href":"https:\/\/mediagroup.mx\/index.php\/wp-json\/wp\/v2\/media?parent=49059"}],"wp:term":[{"taxonomy":"category","embeddable":true,"href":"https:\/\/mediagroup.mx\/index.php\/wp-json\/wp\/v2\/categories?post=49059"},{"taxonomy":"post_tag","embeddable":true,"href":"https:\/\/mediagroup.mx\/index.php\/wp-json\/wp\/v2\/tags?post=49059"}],"curies":[{"name":"wp","href":"https:\/\/api.w.org\/{rel}","templated":true}]}}