{"id":49062,"date":"2023-09-06T22:48:38","date_gmt":"2023-09-06T22:48:38","guid":{"rendered":"https:\/\/mediagroup.mx\/?p=49062"},"modified":"2023-09-06T22:48:38","modified_gmt":"2023-09-06T22:48:38","slug":"presentan-verbenas-populares-celebrando-en-tu-barrio-morelia-brilla","status":"publish","type":"post","link":"https:\/\/mediagroup.mx\/index.php\/2023\/09\/06\/presentan-verbenas-populares-celebrando-en-tu-barrio-morelia-brilla\/","title":{"rendered":"Presentan Verbenas Populares \u00abCelebrando en tu barrio, Morelia Brilla\u00bb"},"content":{"rendered":"<p style=\"text-align: justify;\">La Secretar\u00eda de Fomento Econ\u00f3mico (SEFECO) present\u00f3 en rueda de prensa las Verbenas Populares \u00abCelebrando en tu barrio, Morelia Brilla\u00bb; su titular, Guadalupe Herrera Calder\u00f3n, detall\u00f3 que las primeras verbenas se realizar\u00e1n el pr\u00f3ximo viernes 8 de septiembre teniendo como sedes la Plaza de la Paz y Plaza Carrillo, de 18:00 a 21:00 horas.<\/p>\n<p style=\"text-align: justify;\">Mientras tanto, las siguientes se realizar\u00e1n el jueves 28 de septiembre en la Plaza Jard\u00edn Morelos y Jard\u00edn de los Ni\u00f1os H\u00e9roes, todas con el horario antes mencionado.<\/p>\n<p style=\"text-align: justify;\">Asimismo, detall\u00f3 que estas verbenas contar\u00e1n con una amplia variedad de platillos, antojitos y toda una serie de actividades pertenecientes a nuestra cultura.<\/p>\n<p>Por: Jes\u00fas Gonz\u00e1lez<\/p>\n","protected":false},"excerpt":{"rendered":"<p>La Secretar\u00eda de Fomento Econ\u00f3mico (SEFECO) present\u00f3 en rueda de prensa las Verbenas Populares \u00abCelebrando en tu barrio, Morelia Brilla\u00bb; su titular, Guadalupe Herrera Calder\u00f3n, detall\u00f3 que las primeras verbenas se realizar\u00e1n el pr\u00f3ximo viernes 8 de septiembre teniendo como sedes la Plaza de la Paz y Plaza Carrillo, de 18:00 a 21:00 horas. Mientras [&hellip;]<\/p>\n","protected":false},"author":2,"featured_media":49063,"comment_status":"open","ping_status":"open","sticky":false,"template":"","format":"standard","meta":{"om_disable_all_campaigns":false,"_monsterinsights_skip_tracking":false,"_monsterinsights_sitenote_active":false,"_monsterinsights_sitenote_note":"","_monsterinsights_sitenote_category":0,"_uf_show_specific_survey":0,"_uf_disable_surveys":false,"_jetpack_memberships_contains_paid_content":false,"footnotes":"","jetpack_publicize_message":"Presentan Verbenas Populares \"Celebrando en tu barrio, Morelia Brilla\"","jetpack_publicize_feature_enabled":true,"jetpack_social_post_already_shared":true,"jetpack_social_options":{"image_generator_settings":{"template":"highway","default_image_id":0,"enabled":false},"version":2}},"categories":[17],"tags":[],"class_list":{"0":"post-49062","1":"post","2":"type-post","3":"status-publish","4":"format-standard","5":"has-post-thumbnail","7":"category-morelia"},"aioseo_notices":[],"jetpack_publicize_connections":[],"jetpack_featured_media_url":"https:\/\/mediagroup.mx\/wp-content\/uploads\/2023\/09\/WhatsApp-Image-2023-09-06-at-3.33.53-PM.jpeg","jetpack_sharing_enabled":true,"_links":{"self":[{"href":"https:\/\/mediagroup.mx\/index.php\/wp-json\/wp\/v2\/posts\/49062","targetHints":{"allow":["GET"]}}],"collection":[{"href":"https:\/\/mediagroup.mx\/index.php\/wp-json\/wp\/v2\/posts"}],"about":[{"href":"https:\/\/mediagroup.mx\/index.php\/wp-json\/wp\/v2\/types\/post"}],"author":[{"embeddable":true,"href":"https:\/\/mediagroup.mx\/index.php\/wp-json\/wp\/v2\/users\/2"}],"replies":[{"embeddable":true,"href":"https:\/\/mediagroup.mx\/index.php\/wp-json\/wp\/v2\/comments?post=49062"}],"version-history":[{"count":1,"href":"https:\/\/mediagroup.mx\/index.php\/wp-json\/wp\/v2\/posts\/49062\/revisions"}],"predecessor-version":[{"id":49064,"href":"https:\/\/mediagroup.mx\/index.php\/wp-json\/wp\/v2\/posts\/49062\/revisions\/49064"}],"wp:featuredmedia":[{"embeddable":true,"href":"https:\/\/mediagroup.mx\/index.php\/wp-json\/wp\/v2\/media\/49063"}],"wp:attachment":[{"href":"https:\/\/mediagroup.mx\/index.php\/wp-json\/wp\/v2\/media?parent=49062"}],"wp:term":[{"taxonomy":"category","embeddable":true,"href":"https:\/\/mediagroup.mx\/index.php\/wp-json\/wp\/v2\/categories?post=49062"},{"taxonomy":"post_tag","embeddable":true,"href":"https:\/\/mediagroup.mx\/index.php\/wp-json\/wp\/v2\/tags?post=49062"}],"curies":[{"name":"wp","href":"https:\/\/api.w.org\/{rel}","templated":true}]}}