{"id":49065,"date":"2023-09-06T22:49:38","date_gmt":"2023-09-06T22:49:38","guid":{"rendered":"https:\/\/mediagroup.mx\/?p=49065"},"modified":"2023-09-06T22:49:38","modified_gmt":"2023-09-06T22:49:38","slug":"espera-brenda-fraga-que-ley-de-desaparicion-forzada-se-apruebe-en-el-ultimo-ano-legislativo","status":"publish","type":"post","link":"https:\/\/mediagroup.mx\/index.php\/2023\/09\/06\/espera-brenda-fraga-que-ley-de-desaparicion-forzada-se-apruebe-en-el-ultimo-ano-legislativo\/","title":{"rendered":"Espera Brenda Fraga que Ley de Desaparici\u00f3n Forzada se apruebe en el \u00faltimo a\u00f1o legislativo"},"content":{"rendered":"<p style=\"text-align: justify;\">La diputada Brenda Fraga Guti\u00e9rrez espera que la aprobaci\u00f3n de la Ley de Desaparici\u00f3n Forzada para el estado de Michoac\u00e1n sea aprobada en el \u00faltimo a\u00f1o de la LXXV legislatura, esto se\u00f1al\u00f3 durante la mesa de an\u00e1lisis de dicha ley realizada en el Congreso de Michoac\u00e1n.<\/p>\n<p style=\"text-align: justify;\">Durante esta mesa de an\u00e1lisis, Fraga Guti\u00e9rrez quien present\u00f3 la iniciativa de esta ley de Desaparici\u00f3n Forzada de Personas, Desaparici\u00f3n Cometida por Particulares y el Sistema de B\u00fasqueda de Personas en Michoac\u00e1n, indic\u00f3 que esta propuesta es el resultado del trabajo en conjunto con varios colectivos con el objetivo de contar desde con argumentos jur\u00eddicos hasta protocolos de actuaci\u00f3n.<\/p>\n<p style=\"text-align: justify;\">\u201cEsta ley establece la responsabilidad de las instituciones para coadyuvar con los familiares de personas desaparecidas, abriendo el camino a una verdadera justicia, en un reconocimiento efectivo de los derechos humanos\u201d, indic\u00f3 la legisladora.<\/p>\n<p style=\"text-align: justify;\">Por su parte, la diputada presidenta de la Junta de Coordinaci\u00f3n Pol\u00edtica de la LXXV Legislatura y de la Comisi\u00f3n de Justicia, Anabet Franco Carrizales, expres\u00f3 el gran compromiso que se tiene con la sociedad en estos temas tan sensibles; por ello, se ha trabajado con gran responsabilidad para que, en breve, se presente el dictamen ante el Pleno del Congreso para su discusi\u00f3n y votaci\u00f3n.<\/p>\n<p>Por: Miguel Santos<\/p>\n","protected":false},"excerpt":{"rendered":"<p>La diputada Brenda Fraga Guti\u00e9rrez espera que la aprobaci\u00f3n de la Ley de Desaparici\u00f3n Forzada para el estado de Michoac\u00e1n sea aprobada en el \u00faltimo a\u00f1o de la LXXV legislatura, esto se\u00f1al\u00f3 durante la mesa de an\u00e1lisis de dicha ley realizada en el Congreso de Michoac\u00e1n. Durante esta mesa de an\u00e1lisis, Fraga Guti\u00e9rrez quien present\u00f3 [&hellip;]<\/p>\n","protected":false},"author":2,"featured_media":49066,"comment_status":"open","ping_status":"open","sticky":false,"template":"","format":"standard","meta":{"om_disable_all_campaigns":false,"_monsterinsights_skip_tracking":false,"_monsterinsights_sitenote_active":false,"_monsterinsights_sitenote_note":"","_monsterinsights_sitenote_category":0,"_uf_show_specific_survey":0,"_uf_disable_surveys":false,"_jetpack_memberships_contains_paid_content":false,"footnotes":"","jetpack_publicize_message":"Espera Brenda Fraga que Ley de Desaparici\u00f3n Forzada se apruebe en el \u00faltimo a\u00f1o legislativo","jetpack_publicize_feature_enabled":true,"jetpack_social_post_already_shared":true,"jetpack_social_options":{"image_generator_settings":{"template":"highway","default_image_id":0,"enabled":false},"version":2}},"categories":[15],"tags":[],"class_list":{"0":"post-49065","1":"post","2":"type-post","3":"status-publish","4":"format-standard","5":"has-post-thumbnail","7":"category-michoacan"},"aioseo_notices":[],"jetpack_publicize_connections":[],"jetpack_featured_media_url":"https:\/\/mediagroup.mx\/wp-content\/uploads\/2023\/09\/WhatsApp-Image-2023-09-06-at-3.37.06-PM.jpeg","jetpack_sharing_enabled":true,"_links":{"self":[{"href":"https:\/\/mediagroup.mx\/index.php\/wp-json\/wp\/v2\/posts\/49065","targetHints":{"allow":["GET"]}}],"collection":[{"href":"https:\/\/mediagroup.mx\/index.php\/wp-json\/wp\/v2\/posts"}],"about":[{"href":"https:\/\/mediagroup.mx\/index.php\/wp-json\/wp\/v2\/types\/post"}],"author":[{"embeddable":true,"href":"https:\/\/mediagroup.mx\/index.php\/wp-json\/wp\/v2\/users\/2"}],"replies":[{"embeddable":true,"href":"https:\/\/mediagroup.mx\/index.php\/wp-json\/wp\/v2\/comments?post=49065"}],"version-history":[{"count":1,"href":"https:\/\/mediagroup.mx\/index.php\/wp-json\/wp\/v2\/posts\/49065\/revisions"}],"predecessor-version":[{"id":49067,"href":"https:\/\/mediagroup.mx\/index.php\/wp-json\/wp\/v2\/posts\/49065\/revisions\/49067"}],"wp:featuredmedia":[{"embeddable":true,"href":"https:\/\/mediagroup.mx\/index.php\/wp-json\/wp\/v2\/media\/49066"}],"wp:attachment":[{"href":"https:\/\/mediagroup.mx\/index.php\/wp-json\/wp\/v2\/media?parent=49065"}],"wp:term":[{"taxonomy":"category","embeddable":true,"href":"https:\/\/mediagroup.mx\/index.php\/wp-json\/wp\/v2\/categories?post=49065"},{"taxonomy":"post_tag","embeddable":true,"href":"https:\/\/mediagroup.mx\/index.php\/wp-json\/wp\/v2\/tags?post=49065"}],"curies":[{"name":"wp","href":"https:\/\/api.w.org\/{rel}","templated":true}]}}