{"id":49071,"date":"2023-09-06T22:53:07","date_gmt":"2023-09-06T22:53:07","guid":{"rendered":"https:\/\/mediagroup.mx\/?p=49071"},"modified":"2023-09-06T22:53:07","modified_gmt":"2023-09-06T22:53:07","slug":"pese-a-protestas-sociales-no-se-dejara-camino-libre-a-la-delincuencia-alfredo-ramirez","status":"publish","type":"post","link":"https:\/\/mediagroup.mx\/index.php\/2023\/09\/06\/pese-a-protestas-sociales-no-se-dejara-camino-libre-a-la-delincuencia-alfredo-ramirez\/","title":{"rendered":"Pese a protestas sociales, no se dejar\u00e1 camino libre a la delincuencia: Alfredo Ram\u00edrez"},"content":{"rendered":"<p style=\"text-align: justify;\">Ante las protestas sociales registradas en regiones y municipios como Uruapan, Los Reyes, la costa o Tierra Caliente, y donde las llamadas organizaciones y grupos sociales utilizan a civiles para pedir la salida de cuerpos federales como Guardia Nacional o el ej\u00e9rcito mexicano, el gobernador Alfredo Ram\u00edrez Bedolla remarc\u00f3 que no se dar\u00e1 cumplimiento a estas demandas que \u201cdejar\u00edan libre\u201d el camino a la delincuencia.<\/p>\n<p style=\"text-align: justify;\">De acuerdo al mandatario estatal, pese a estas manifestaciones, no habr\u00e1 retirada del ej\u00e9rcito ni de la Guardia Nacional y los cuales continuar\u00e1n participando en los operativos conjuntos con la Secretar\u00eda de Seguridad P\u00fablica y las fiscal\u00edas de Michoac\u00e1n y de M\u00e9xico.<\/p>\n<p style=\"text-align: justify;\">Asimismo, Bedolla Ram\u00edrez remarc\u00f3 gracias a las acciones coordinadas entre los tres niveles del gobierno, ha resultados positivos en materia de seguridad para el estado, sobretodo, en sus carreteras y caminos.<\/p>\n<p>Por: Oscar Mendoza<\/p>\n","protected":false},"excerpt":{"rendered":"<p>Ante las protestas sociales registradas en regiones y municipios como Uruapan, Los Reyes, la costa o Tierra Caliente, y donde las llamadas organizaciones y grupos sociales utilizan a civiles para pedir la salida de cuerpos federales como Guardia Nacional o el ej\u00e9rcito mexicano, el gobernador Alfredo Ram\u00edrez Bedolla remarc\u00f3 que no se dar\u00e1 cumplimiento a [&hellip;]<\/p>\n","protected":false},"author":2,"featured_media":48861,"comment_status":"open","ping_status":"open","sticky":false,"template":"","format":"standard","meta":{"om_disable_all_campaigns":false,"_monsterinsights_skip_tracking":false,"_monsterinsights_sitenote_active":false,"_monsterinsights_sitenote_note":"","_monsterinsights_sitenote_category":0,"_uf_show_specific_survey":0,"_uf_disable_surveys":false,"_jetpack_memberships_contains_paid_content":false,"footnotes":"","jetpack_publicize_message":"Pese a protestas sociales, no se dejar\u00e1 camino libre a la delincuencia: Alfredo Ram\u00edrez","jetpack_publicize_feature_enabled":true,"jetpack_social_post_already_shared":true,"jetpack_social_options":{"image_generator_settings":{"template":"highway","default_image_id":0,"enabled":false},"version":2}},"categories":[24],"tags":[],"class_list":{"0":"post-49071","1":"post","2":"type-post","3":"status-publish","4":"format-standard","5":"has-post-thumbnail","7":"category-seguridad"},"aioseo_notices":[],"jetpack_publicize_connections":[],"jetpack_featured_media_url":"https:\/\/mediagroup.mx\/wp-content\/uploads\/2023\/08\/WhatsApp-Image-2023-08-28-at-2.54.43-PM.jpeg","jetpack_sharing_enabled":true,"_links":{"self":[{"href":"https:\/\/mediagroup.mx\/index.php\/wp-json\/wp\/v2\/posts\/49071","targetHints":{"allow":["GET"]}}],"collection":[{"href":"https:\/\/mediagroup.mx\/index.php\/wp-json\/wp\/v2\/posts"}],"about":[{"href":"https:\/\/mediagroup.mx\/index.php\/wp-json\/wp\/v2\/types\/post"}],"author":[{"embeddable":true,"href":"https:\/\/mediagroup.mx\/index.php\/wp-json\/wp\/v2\/users\/2"}],"replies":[{"embeddable":true,"href":"https:\/\/mediagroup.mx\/index.php\/wp-json\/wp\/v2\/comments?post=49071"}],"version-history":[{"count":1,"href":"https:\/\/mediagroup.mx\/index.php\/wp-json\/wp\/v2\/posts\/49071\/revisions"}],"predecessor-version":[{"id":49072,"href":"https:\/\/mediagroup.mx\/index.php\/wp-json\/wp\/v2\/posts\/49071\/revisions\/49072"}],"wp:featuredmedia":[{"embeddable":true,"href":"https:\/\/mediagroup.mx\/index.php\/wp-json\/wp\/v2\/media\/48861"}],"wp:attachment":[{"href":"https:\/\/mediagroup.mx\/index.php\/wp-json\/wp\/v2\/media?parent=49071"}],"wp:term":[{"taxonomy":"category","embeddable":true,"href":"https:\/\/mediagroup.mx\/index.php\/wp-json\/wp\/v2\/categories?post=49071"},{"taxonomy":"post_tag","embeddable":true,"href":"https:\/\/mediagroup.mx\/index.php\/wp-json\/wp\/v2\/tags?post=49071"}],"curies":[{"name":"wp","href":"https:\/\/api.w.org\/{rel}","templated":true}]}}