{"id":49076,"date":"2023-09-06T22:55:54","date_gmt":"2023-09-06T22:55:54","guid":{"rendered":"https:\/\/mediagroup.mx\/?p=49076"},"modified":"2023-09-06T22:55:54","modified_gmt":"2023-09-06T22:55:54","slug":"reos-profugos-de-la-piedad-usaron-hamacas-para-escapar-por-una-torre-de-vigilancia-fiscal","status":"publish","type":"post","link":"https:\/\/mediagroup.mx\/index.php\/2023\/09\/06\/reos-profugos-de-la-piedad-usaron-hamacas-para-escapar-por-una-torre-de-vigilancia-fiscal\/","title":{"rendered":"Reos pr\u00f3fugos de La Piedad usaron hamacas para escapar por una torre de vigilancia: Fiscal"},"content":{"rendered":"<p style=\"text-align: justify;\">La fuga de los tres internos del Centro Penitenciario de la Piedad, fue plenamente planeada y posiblemente ejecutada apoyo al interior y exterior, del penal, por lo que la Fiscal\u00eda General del Estado continua con las investigaciones sobre el caso. En tanto que el director de dicho Cereso, Edgardo P\u00e9rez fue separado provisionalmente del cargo.<\/p>\n<p style=\"text-align: justify;\">El Fiscal del estado Adr\u00edan L\u00f3pez Sol\u00eds detall\u00f3 en rueda de prensa que la fuga se registr\u00f3 cerca de las 20:45 horas del lunes, al respecto se\u00f1al\u00f3, \u201cestas personas traspasaron los per\u00edmetros de seguridad, en un primer momento una puerta que aparentemente no ten\u00eda candado, rompieron una malla cicl\u00f3nica en un siguiente per\u00edmetro y llegaron hasta el acceso a una torre de vigilancia donde no hab\u00eda elementos de custodia, colgaron unas hamacas, de ah\u00ed descendieron al terreno, hab\u00eda un veh\u00edculo esper\u00e1ndolos fuera y tan pronto estuvieron afuera del Centro Penitenciario huyeron del lugar.<\/p>\n<p style=\"text-align: justify;\">El abogado de la entidad a\u00f1adi\u00f3 que se ha desplegado un operativo coordinado para la b\u00fasqueda y se habr\u00e1 de girar la correspondiente orden de aprehensi\u00f3n para la recaptura, por la sustracci\u00f3n de la acci\u00f3n de la justicia y adem\u00e1s se est\u00e1 integrando la carpeta por la evasi\u00f3n de presos sonde se pudiera determinar responsabilidades a nivel doloso por una participaci\u00f3n desde adentro o culposo por la negligencia de que pudiera advertirse por parte del personal del penal.<\/p>\n<p style=\"text-align: justify;\">Mientras que este mi\u00e9rcoles se cumplir\u00e1n 48 horas que permanecen pr\u00f3fugos Vicente Aguilar Huante, de 27 a\u00f1os de edad y Francisco Javier Acosta Lara, de 31 a\u00f1os de edad, ambos ex militares, quienes fueron sentenciados en el a\u00f1o 2018 por el homicidio del p\u00e1rroco de Janamuato Jos\u00e9 Alfredo L\u00f3pez Guill\u00e9n, as\u00ed como Juan Carpinteyro y\/o Juan Carpinteiro Pav\u00f3n, de 30 a\u00f1os de edad.<\/p>\n<p style=\"text-align: justify;\">Cualquier informaci\u00f3n sobre los reos fugados se puede reportar de forma an\u00f3nima a los n\u00fameros telef\u00f3nicos 089 Denuncia An\u00f3nima y 911.<\/p>\n","protected":false},"excerpt":{"rendered":"<p>La fuga de los tres internos del Centro Penitenciario de la Piedad, fue plenamente planeada y posiblemente ejecutada apoyo al interior y exterior, del penal, por lo que la Fiscal\u00eda General del Estado continua con las investigaciones sobre el caso. En tanto que el director de dicho Cereso, Edgardo P\u00e9rez fue separado provisionalmente del cargo. [&hellip;]<\/p>\n","protected":false},"author":2,"featured_media":49077,"comment_status":"open","ping_status":"open","sticky":false,"template":"","format":"standard","meta":{"om_disable_all_campaigns":false,"_monsterinsights_skip_tracking":false,"_monsterinsights_sitenote_active":false,"_monsterinsights_sitenote_note":"","_monsterinsights_sitenote_category":0,"_uf_show_specific_survey":0,"_uf_disable_surveys":false,"_jetpack_memberships_contains_paid_content":false,"footnotes":"","jetpack_publicize_message":"Reos pr\u00f3fugos de La Piedad usaron hamacas para escapar por una torre de vigilancia: Fiscal","jetpack_publicize_feature_enabled":true,"jetpack_social_post_already_shared":true,"jetpack_social_options":{"image_generator_settings":{"template":"highway","default_image_id":0,"enabled":false},"version":2}},"categories":[24],"tags":[],"class_list":{"0":"post-49076","1":"post","2":"type-post","3":"status-publish","4":"format-standard","5":"has-post-thumbnail","7":"category-seguridad"},"aioseo_notices":[],"jetpack_publicize_connections":[],"jetpack_featured_media_url":"https:\/\/mediagroup.mx\/wp-content\/uploads\/2023\/09\/WhatsApp-Image-2023-09-06-at-1.05.34-PM.jpeg","jetpack_sharing_enabled":true,"_links":{"self":[{"href":"https:\/\/mediagroup.mx\/index.php\/wp-json\/wp\/v2\/posts\/49076","targetHints":{"allow":["GET"]}}],"collection":[{"href":"https:\/\/mediagroup.mx\/index.php\/wp-json\/wp\/v2\/posts"}],"about":[{"href":"https:\/\/mediagroup.mx\/index.php\/wp-json\/wp\/v2\/types\/post"}],"author":[{"embeddable":true,"href":"https:\/\/mediagroup.mx\/index.php\/wp-json\/wp\/v2\/users\/2"}],"replies":[{"embeddable":true,"href":"https:\/\/mediagroup.mx\/index.php\/wp-json\/wp\/v2\/comments?post=49076"}],"version-history":[{"count":1,"href":"https:\/\/mediagroup.mx\/index.php\/wp-json\/wp\/v2\/posts\/49076\/revisions"}],"predecessor-version":[{"id":49078,"href":"https:\/\/mediagroup.mx\/index.php\/wp-json\/wp\/v2\/posts\/49076\/revisions\/49078"}],"wp:featuredmedia":[{"embeddable":true,"href":"https:\/\/mediagroup.mx\/index.php\/wp-json\/wp\/v2\/media\/49077"}],"wp:attachment":[{"href":"https:\/\/mediagroup.mx\/index.php\/wp-json\/wp\/v2\/media?parent=49076"}],"wp:term":[{"taxonomy":"category","embeddable":true,"href":"https:\/\/mediagroup.mx\/index.php\/wp-json\/wp\/v2\/categories?post=49076"},{"taxonomy":"post_tag","embeddable":true,"href":"https:\/\/mediagroup.mx\/index.php\/wp-json\/wp\/v2\/tags?post=49076"}],"curies":[{"name":"wp","href":"https:\/\/api.w.org\/{rel}","templated":true}]}}