{"id":49079,"date":"2023-09-06T22:56:47","date_gmt":"2023-09-06T22:56:47","guid":{"rendered":"https:\/\/mediagroup.mx\/?p=49079"},"modified":"2023-09-06T22:56:47","modified_gmt":"2023-09-06T22:56:47","slug":"presunto-gatillero-herido-al-enfrentarse-contra-la-guardia-civil-en-uruapan","status":"publish","type":"post","link":"https:\/\/mediagroup.mx\/index.php\/2023\/09\/06\/presunto-gatillero-herido-al-enfrentarse-contra-la-guardia-civil-en-uruapan\/","title":{"rendered":"Presunto gatillero herido al enfrentarse contra la Guardia Civil, en Uruapan"},"content":{"rendered":"<p style=\"text-align: justify;\">Un presunto pistolero result\u00f3 herido enfrentarse a tiros en contra de elementos de la Guardia Civil, quienes realizaban patronales preventivos en esta ciudad de Uruapan.<\/p>\n<p style=\"text-align: justify;\">Al respecto se supo que los polic\u00edas se encontraban en patrullajes sobre la calle Nogal, esquina con Plan de San Luis, de la colonia La Cedrera, Tercera Secci\u00f3n, cuando fueron agredidos con disparos de arma de fuego por un solitario sujeto.<\/p>\n<p style=\"text-align: justify;\">Los uniformados repelieron el ataque, mientras que el tiroteo se extendi\u00f3 hasta la calle Bonifacio Moreno, a unos metros del campo de f\u00fatbol \u00abLa Plancha\u00bb donde finalmente el sujeto fue lesionado y requerido por los agentes.<\/p>\n<p style=\"text-align: justify;\">Momentos despu\u00e9s param\u00e9dicos de Protecci\u00f3n Civil Municipal llegaron al lugar y otorgaron los primeros auxilios al sospechoso, quien fue canalizado a un hospital, donde qued\u00f3 internado con guardia policiaca, sin que fuera revelada su identidad.<\/p>\n<p style=\"text-align: justify;\">La zona de la refriega fue acordonada y se solicit\u00f3 la intervenci\u00f3n de la Fiscal\u00eda General del Estado, cuyos agentes y peritos emprendieron una minuciosa recolecci\u00f3n de indicios y de testimonios para comenzar con las correspondientes averiguaciones.<\/p>\n","protected":false},"excerpt":{"rendered":"<p>Un presunto pistolero result\u00f3 herido enfrentarse a tiros en contra de elementos de la Guardia Civil, quienes realizaban patronales preventivos en esta ciudad de Uruapan. Al respecto se supo que los polic\u00edas se encontraban en patrullajes sobre la calle Nogal, esquina con Plan de San Luis, de la colonia La Cedrera, Tercera Secci\u00f3n, cuando fueron [&hellip;]<\/p>\n","protected":false},"author":2,"featured_media":49080,"comment_status":"open","ping_status":"open","sticky":false,"template":"","format":"standard","meta":{"om_disable_all_campaigns":false,"_monsterinsights_skip_tracking":false,"_monsterinsights_sitenote_active":false,"_monsterinsights_sitenote_note":"","_monsterinsights_sitenote_category":0,"_uf_show_specific_survey":0,"_uf_disable_surveys":false,"_jetpack_memberships_contains_paid_content":false,"footnotes":"","jetpack_publicize_message":"Presunto gatillero herido al enfrentarse contra la Guardia Civil, en Uruapan","jetpack_publicize_feature_enabled":true,"jetpack_social_post_already_shared":true,"jetpack_social_options":{"image_generator_settings":{"template":"highway","default_image_id":0,"enabled":false},"version":2}},"categories":[24],"tags":[],"class_list":{"0":"post-49079","1":"post","2":"type-post","3":"status-publish","4":"format-standard","5":"has-post-thumbnail","7":"category-seguridad"},"aioseo_notices":[],"jetpack_publicize_connections":[],"jetpack_featured_media_url":"https:\/\/mediagroup.mx\/wp-content\/uploads\/2023\/09\/WhatsApp-Image-2023-09-06-at-2.05.55-PM.jpeg","jetpack_sharing_enabled":true,"_links":{"self":[{"href":"https:\/\/mediagroup.mx\/index.php\/wp-json\/wp\/v2\/posts\/49079","targetHints":{"allow":["GET"]}}],"collection":[{"href":"https:\/\/mediagroup.mx\/index.php\/wp-json\/wp\/v2\/posts"}],"about":[{"href":"https:\/\/mediagroup.mx\/index.php\/wp-json\/wp\/v2\/types\/post"}],"author":[{"embeddable":true,"href":"https:\/\/mediagroup.mx\/index.php\/wp-json\/wp\/v2\/users\/2"}],"replies":[{"embeddable":true,"href":"https:\/\/mediagroup.mx\/index.php\/wp-json\/wp\/v2\/comments?post=49079"}],"version-history":[{"count":1,"href":"https:\/\/mediagroup.mx\/index.php\/wp-json\/wp\/v2\/posts\/49079\/revisions"}],"predecessor-version":[{"id":49081,"href":"https:\/\/mediagroup.mx\/index.php\/wp-json\/wp\/v2\/posts\/49079\/revisions\/49081"}],"wp:featuredmedia":[{"embeddable":true,"href":"https:\/\/mediagroup.mx\/index.php\/wp-json\/wp\/v2\/media\/49080"}],"wp:attachment":[{"href":"https:\/\/mediagroup.mx\/index.php\/wp-json\/wp\/v2\/media?parent=49079"}],"wp:term":[{"taxonomy":"category","embeddable":true,"href":"https:\/\/mediagroup.mx\/index.php\/wp-json\/wp\/v2\/categories?post=49079"},{"taxonomy":"post_tag","embeddable":true,"href":"https:\/\/mediagroup.mx\/index.php\/wp-json\/wp\/v2\/tags?post=49079"}],"curies":[{"name":"wp","href":"https:\/\/api.w.org\/{rel}","templated":true}]}}