{"id":49085,"date":"2023-09-06T23:00:49","date_gmt":"2023-09-06T23:00:49","guid":{"rendered":"https:\/\/mediagroup.mx\/?p=49085"},"modified":"2023-09-06T23:00:49","modified_gmt":"2023-09-06T23:00:49","slug":"el-ficm-presenta-los-trabajos-seleccionados-para-el-laboratorio-de-desarrollo-de-proyectos-cinematograficos-para-cineastas-indigenas-de-america-latina","status":"publish","type":"post","link":"https:\/\/mediagroup.mx\/index.php\/2023\/09\/06\/el-ficm-presenta-los-trabajos-seleccionados-para-el-laboratorio-de-desarrollo-de-proyectos-cinematograficos-para-cineastas-indigenas-de-america-latina\/","title":{"rendered":"El FICM presenta los trabajos seleccionados para el Laboratorio de Desarrollo de Proyectos Cinematogr\u00e1ficos para Cineastas Ind\u00edgenas de Am\u00e9rica Latina"},"content":{"rendered":"<p style=\"text-align: justify;\">El\u00a0<strong>Festival Internacional de Cine de Morelia (FICM)\u00a0<\/strong>revela los trabajos seleccionados para formar parte del\u00a0primer\u00a0<strong>Laboratorio de Desarrollo de Proyectos Cinematogr\u00e1<\/strong><strong>ficos para Cineastas Ind<\/strong><strong>\u00ed<\/strong><strong>genas de Am<\/strong><strong>\u00e9<\/strong><strong>rica Latina<\/strong><strong>.<\/strong><\/p>\n<p style=\"text-align: justify;\">Este laboratorio se realizar\u00e1\u00a0en el marco del\u00a0<strong>Foro de los Pueblos Ind\u00edgenas<\/strong>, que el Festival Internacional de Cine de Morelia organiza cada a\u00f1o desde 2007, para reafirmar el compromiso del festival con el trabajo de les realizadores de pueblos originarios, a trav\u00e9s de la generaci\u00f3n de espacios colectivos de formaci\u00f3n que contribuyan al desarrollo de sus propuestas f\u00edlmicas.<\/p>\n<p style=\"text-align: justify;\">Con este laboratorio, el Foro de los Pueblos Ind\u00edgenas del FICM busca contribuir a la profesionalizaci\u00f3n y formaci\u00f3n de quince realizadoras y realizadores pertenecientes a distintas etnias y naciones, quienes presentan proyectos\u00a0\u2014de ficci\u00f3n, animaci\u00f3n o documental\u2014\u00a0en etapa de desarrollo, y los cuales ser\u00e1n asesorados por expertos de primer nivel en el quehacer cinematogr\u00e1fico. Especialmente se compartir\u00e1n herramientas vinculadas a\u00a0\u00e1reas como: planteamiento y presentaci\u00f3n de proyectos, preparaci\u00f3n de presupuestos, esquemas de financiamiento y coproducci\u00f3n, derechos autorales y patrimoniales, organizaci\u00f3n y gesti\u00f3n de equipos de trabajo, y estrategias de distribuci\u00f3n y promoci\u00f3n.<\/p>\n<p style=\"text-align: justify;\">La convocatoria del Laboratorio estuvo abierta de abril a junio de este a\u00f1o, y en ese periodo se recibieron m\u00e1s de 120 trabajos.<\/p>\n<p style=\"text-align: justify;\">Finalmente se seleccionaron 15 proyectos: 2 provenientes de Guatemala, 2 de Colombia, 1 de Bolivia, 1 de Ecuador, 1 de Brasil, 1 de Per\u00fa\u00a0y 7 provenientes de M\u00e9xico.<\/p>\n<p style=\"text-align: justify;\">Los proyectos seleccionados son:<br aria-hidden=\"true\" \/>\u00a0<br aria-hidden=\"true\" \/>1.\u00a0\u00a0<strong><em>Akcha Sapi<\/em><\/strong>, de Joshi Espinosa Anguaya (kichwa otavalo), Ecuador<br aria-hidden=\"true\" \/>2.\u00a0\u00a0<strong><em>El arte de limpiar<\/em><\/strong>, de Blanca Mart\u00ednez Castillo (yuku noo\/mixteca), M\u00e9xico\u00a0<br aria-hidden=\"true\" \/>3.\u00a0\u00a0<strong><em>De aspecto ind\u00edgena<\/em><\/strong>, de Xun Sero (maya tsotsil), M\u00e9xico<br aria-hidden=\"true\" \/>4.\u00a0\u00a0<strong><em>Estoy buscando a mi familia<\/em><\/strong>, de Viviana Mamani Cori (aymara), Bolivia\u00a0<br aria-hidden=\"true\" \/>5.\u00a0\u00a0<strong><em>Grietas<\/em><\/strong>, de Alberto Flores Vilca (quechua), Per\u00fa<br aria-hidden=\"true\" \/>6.\u00a0\u00a0<strong><em>Hi\u00f1aru Duna<\/em><\/strong>\u00a0(<strong><em>Mujer Agua<\/em><\/strong>), de Elvis Rigoberto Caj Cojoc (maya poqomchi), Guatemala<br aria-hidden=\"true\" \/>7.\u00a0\u00a0<strong><em>Mub\u00a0\u0301u o sobre poner el coraz\u00f3n en el lugar correcto<\/em><\/strong>, de Alfredo Guzm\u00e1n Cayetano (mazahua), M\u00e9xico<br aria-hidden=\"true\" \/>8.\u00a0\u00a0<strong><em>Mudubina<\/em><\/strong>, de Naila\u00a0Paulina Cruz L\u00f3pez (binniz\u00e1\/zapoteca), M\u00e9xico<br aria-hidden=\"true\" \/>9.\u00a0\u00a0<strong><em>Nasakopajk<\/em><\/strong>, de N\u00e9stor Abel Jim\u00e9nez D\u00edaz (maya tseltal y tsotsil), M\u00e9xico<br aria-hidden=\"true\" \/>10.\u00a0<strong><em>Pawa<\/em><\/strong>, de Marbel Ina Vanegas Jusayu (wayuu), Colombia<br aria-hidden=\"true\" \/>11.\u00a0<strong><em>Prepori Porongyta &#8211; la historia de Prepori Kaiabi<\/em><\/strong>, de Kuj\u00e3esage Kaiabi (kaiabi), Brasil<br aria-hidden=\"true\" \/>12.\u00a0<strong><em>Q&#8217;aq<\/em><\/strong>, de Tirza Yanira Ixmucan\u00e9\u00a0Saloj Oroxom (maya k&#8217;iche&#8217; &#8211; kaqchikel), Guatemala<br aria-hidden=\"true\" \/>13.\u00a0<strong><em>Se escucha el viento<\/em><\/strong>, de\u00a0Dami\u00e1n Dositelo Mart\u00ednez V\u00e1squez (ay\u00fc\u00fcjk\/mixe), M\u00e9xico<br aria-hidden=\"true\" \/>14.\u00a0<strong><em>Sue\u00f1os que migran,<\/em><\/strong>\u00a0de Xun P\u00e9rez P\u00e9rez (maya tsotsil), M\u00e9xico\u00a0<br aria-hidden=\"true\" \/>15. \u00a0<strong><em>El viaje m\u00edtico de Sain y el Duende Akalaku<\/em><\/strong>i, de Elizabeth Pirela Gonz\u00e1lez (wayuu), Colombia<br aria-hidden=\"true\" \/>\u00a0<br aria-hidden=\"true\" \/>Como asesores participar\u00e1n reconocidos profesionales del medio como Adri\u00e1n Ojeda, abogado; Alexis Rodil, cinefot\u00f3grafo y postproductor; Ana Alice de Morais, productora y distribuidora;\u00a0\u00c1ngeles Cruz, realizadora y guionista; Carlos Guti\u00e9rrez, distribuidor y curador; Christiane Burkhard, realizadora e investigadora; Mar\u00eda In\u00e9s Roqu\u00e9, docente y\u00a0\u00a0realizadora; Martha Orozco, docente y productora; Pablo Baksht, productor; Roberto Olivares, realizador y cinefot\u00f3grafo; Sofia Arroyo, activista y promotora cinematogr\u00e1fica. Adem\u00e1s asistir\u00e1n como invitados especiales y asesores, Nicolas Philibert, realizador y Rene\u00e9\u00a0Nader, realizadora.<br aria-hidden=\"true\" \/>\u00a0<br aria-hidden=\"true\" \/><strong>El Laboratorio de Desarrollo de Proyectos Cinematogr\u00e1ficos para Cineastas Ind\u00edgenas de Am\u00e9rica Latina se realiza gracias al generoso apoyo del Programa Ibermedia, el Instituto Mexicano\u00a0de Cinematograf\u00eda (IMCINE), el Programa American Film Showcase a trav\u00e9s de la Escuela de Artes Cinematogr\u00e1ficas de la Universidad del Sur de California (USC), el Banco Interamericano de Desarrollo (BID), la organizaci\u00f3n independiente Cultural Survival, y la Embajada de Estados Unidos en M\u00e9xico.\u00a0<\/strong>\u00a0<br aria-hidden=\"true\" \/>\n<\/p>\n<p style=\"text-align: justify;\">El Laboratorio se llevar\u00e1\u00a0a cabo del 19 al 22 de octubre del 2023, en el marco de la 21\u00aa\u00a0edici\u00f3n del FICM con algunas de sus actividades especiales abiertas al p\u00fablico.<br aria-hidden=\"true\" \/><\/p>\n","protected":false},"excerpt":{"rendered":"<p>El\u00a0Festival Internacional de Cine de Morelia (FICM)\u00a0revela los trabajos seleccionados para formar parte del\u00a0primer\u00a0Laboratorio de Desarrollo de Proyectos Cinematogr\u00e1ficos para Cineastas Ind\u00edgenas de Am\u00e9rica Latina. Este laboratorio se realizar\u00e1\u00a0en el marco del\u00a0Foro de los Pueblos Ind\u00edgenas, que el Festival Internacional de Cine de Morelia organiza cada a\u00f1o desde 2007, para reafirmar el compromiso del festival [&hellip;]<\/p>\n","protected":false},"author":2,"featured_media":49086,"comment_status":"open","ping_status":"open","sticky":false,"template":"","format":"standard","meta":{"om_disable_all_campaigns":false,"_monsterinsights_skip_tracking":false,"_monsterinsights_sitenote_active":false,"_monsterinsights_sitenote_note":"","_monsterinsights_sitenote_category":0,"_uf_show_specific_survey":0,"_uf_disable_surveys":false,"_jetpack_memberships_contains_paid_content":false,"footnotes":"","jetpack_publicize_message":"El FICM presenta los trabajos seleccionados para el Laboratorio de Desarrollo de Proyectos Cinematogr\u00e1ficos para Cineastas Ind\u00edgenas de Am\u00e9rica Latina","jetpack_publicize_feature_enabled":true,"jetpack_social_post_already_shared":true,"jetpack_social_options":{"image_generator_settings":{"template":"highway","default_image_id":0,"enabled":false},"version":2}},"categories":[25],"tags":[],"class_list":{"0":"post-49085","1":"post","2":"type-post","3":"status-publish","4":"format-standard","5":"has-post-thumbnail","7":"category-cultura"},"aioseo_notices":[],"jetpack_publicize_connections":[],"jetpack_featured_media_url":"https:\/\/mediagroup.mx\/wp-content\/uploads\/2023\/09\/74e2ecb7-3bc1-b105-3032-8483f200ee46.jpeg","jetpack_sharing_enabled":true,"_links":{"self":[{"href":"https:\/\/mediagroup.mx\/index.php\/wp-json\/wp\/v2\/posts\/49085","targetHints":{"allow":["GET"]}}],"collection":[{"href":"https:\/\/mediagroup.mx\/index.php\/wp-json\/wp\/v2\/posts"}],"about":[{"href":"https:\/\/mediagroup.mx\/index.php\/wp-json\/wp\/v2\/types\/post"}],"author":[{"embeddable":true,"href":"https:\/\/mediagroup.mx\/index.php\/wp-json\/wp\/v2\/users\/2"}],"replies":[{"embeddable":true,"href":"https:\/\/mediagroup.mx\/index.php\/wp-json\/wp\/v2\/comments?post=49085"}],"version-history":[{"count":1,"href":"https:\/\/mediagroup.mx\/index.php\/wp-json\/wp\/v2\/posts\/49085\/revisions"}],"predecessor-version":[{"id":49087,"href":"https:\/\/mediagroup.mx\/index.php\/wp-json\/wp\/v2\/posts\/49085\/revisions\/49087"}],"wp:featuredmedia":[{"embeddable":true,"href":"https:\/\/mediagroup.mx\/index.php\/wp-json\/wp\/v2\/media\/49086"}],"wp:attachment":[{"href":"https:\/\/mediagroup.mx\/index.php\/wp-json\/wp\/v2\/media?parent=49085"}],"wp:term":[{"taxonomy":"category","embeddable":true,"href":"https:\/\/mediagroup.mx\/index.php\/wp-json\/wp\/v2\/categories?post=49085"},{"taxonomy":"post_tag","embeddable":true,"href":"https:\/\/mediagroup.mx\/index.php\/wp-json\/wp\/v2\/tags?post=49085"}],"curies":[{"name":"wp","href":"https:\/\/api.w.org\/{rel}","templated":true}]}}