{"id":49097,"date":"2023-09-08T00:38:51","date_gmt":"2023-09-08T00:38:51","guid":{"rendered":"https:\/\/mediagroup.mx\/?p=49097"},"modified":"2023-09-08T00:38:51","modified_gmt":"2023-09-08T00:38:51","slug":"ratifican-a-yarabi-avila-gonzalez-en-la-presidencia-de-la-red-juntos-por-michoacan","status":"publish","type":"post","link":"https:\/\/mediagroup.mx\/index.php\/2023\/09\/08\/ratifican-a-yarabi-avila-gonzalez-en-la-presidencia-de-la-red-juntos-por-michoacan\/","title":{"rendered":"Ratifican a Yarab\u00ed \u00c1vila Gonz\u00e1lez en la presidencia de la Red Juntos por Michoac\u00e1n"},"content":{"rendered":"<p>La rectora de la Universidad Michoacana de San Nicol\u00e1s de Hidalgo (UMSNH), Yarab\u00ed \u00c1vila Gonz\u00e1lez, fue ratificada como presidenta de la Red Juntos por Michoac\u00e1n para el periodo 2023-2024. Tambi\u00e9n fueron reelegidos como vicepresidenta, la rectora de la Universidad del Valle de Atemajac (UNIVA) campus La Piedad, Natalia Salinas Bravo, y como tesorero, el rector de la Universidad Latina de Am\u00e9rica (UNLA), Jes\u00fas Vivanco Rodr\u00edguez.<\/p>\n<p>La presidenta de la Red Juntos por Michoac\u00e1n agradeci\u00f3 el voto de confianza de las y los integrantes de este organismo, mismo que hoy tiene mayor fuerza gracias a las 26 instituciones participantes, con presencia en todas las regiones del estado. Ah\u00ed, destac\u00f3 que hay mucho trabajo por hacer a fin de seguir ampliando los horizontes, siempre velando por la educaci\u00f3n.<\/p>\n<p>Comparti\u00f3 que recientemente con los Colegios de Profesionistas se abord\u00f3 la necesidad de vincularse de manera m\u00e1s estrecha con las instituciones que forman parte de la Red, pues ah\u00ed est\u00e1n presentes todas las disciplinas del conocimiento y es importante ir de la mano, por lo que estableci\u00f3 la necesidad de seguir generando alianzas estrat\u00e9gicas como ya ha ocurrido con otras instituciones como la Comisi\u00f3n Estatal de los Derechos Humanos (CEDH).<\/p>\n<p>En tanto, la vicepresidenta de la Red Juntos por Michoac\u00e1n, Natalia Salinas, tambi\u00e9n agradeci\u00f3 la confianza que le brindaron para mantenerse en esa encomienda. Coment\u00f3 que una de las fortalezas que tiene este organismo es que el esp\u00edritu de la educaci\u00f3n las une, y no hay ning\u00fan tipo de competencia entre s\u00ed, como ocurre en los pa\u00edses de primer mundo.<\/p>\n<p>El tesorero, Jes\u00fas Vivanco, ratific\u00f3 su compromiso con el manejo transparente de los recursos, y ofreci\u00f3 seguir trabajando a fin de que la Red siga contando con finanzas sanas.<\/p>\n<p>Durante la sesi\u00f3n que se llev\u00f3 a cabo en el nuevo edificio de Rector\u00eda de la Casa de Hidalgo, las y los participantes resolvieron darle el voto de confianza a la Mesa Directiva que fungi\u00f3 con esta encomienda desde el mes de febrero del presente a\u00f1o. Se prev\u00e9 que la renovaci\u00f3n se d\u00e9 hasta agosto del 2024.<\/p>\n<p>Otro de los puntos del orden del d\u00eda, fue la invitaci\u00f3n por parte del Instituto Michoacano de Transparencia, Acceso a la Informaci\u00f3n y Protecci\u00f3n de Datos Personales (IMAIP), a las instituciones de educaci\u00f3n superior que conforman la Red, a participar en la Semana Universitaria por la Transparencia.<\/p>\n<p>En la sesi\u00f3n se cont\u00f3 con la asistencia del rector de la Universidad Vasco de Quiroga, Jos\u00e9 Antonio Herrera Jim\u00e9nez; del rector de la Universidad La Salle, Jes\u00fas V\u00e1zquez Estupi\u00f1\u00e1n; del rector de la Universidad de Morelia, Pedro Ch\u00e1vez Villa; de la directora Acad\u00e9mica de nivel superior de la Universidad Internacional Jefferson, Mar\u00eda del Socorro Mart\u00ednez Garibay.<\/p>\n<p>As\u00ed como del director del Instituto Tecnol\u00f3gico del Valle de Morelia, Isa\u00edas de Jes\u00fas D\u00edaz Maldonado; del rector de la Universidad Centro Panamericano de Estudios Superiores, campus Zit\u00e1cuaro, Aldo Tello Carrillo; de la directora de la UNIVA plantel Zamora, Adriana Villica\u00f1a Mart\u00ednez; del director del Instituto Tecnol\u00f3gico de La Piedad, Jorge Z\u00fa\u00f1iga Ramos; de la directora de la Universidad Internacional Jefferson, Karla Lorena Morales Fern\u00e1ndez; de Citlalli Jim\u00e9nez, directora Ejecutiva del Colegio Libertad; del presidente de la Fundaci\u00f3n Ciudadana para el Desarrollo Integral de Michoac\u00e1n, Roberto Ram\u00edrez Delgado y de forma virtual, del rector del Conservatorio de las Rosas, Ra\u00fal Olmos Torres y del presb\u00edtero Alejandro Barajas R\u00edos, coordinador de la Dimensi\u00f3n de Educaci\u00f3n y Cultura de la Arquidi\u00f3cesis de Morelia.<\/p>\n","protected":false},"excerpt":{"rendered":"<p>La rectora de la Universidad Michoacana de San Nicol\u00e1s de Hidalgo (UMSNH), Yarab\u00ed \u00c1vila Gonz\u00e1lez, fue ratificada como presidenta de la Red Juntos por Michoac\u00e1n para el periodo 2023-2024. Tambi\u00e9n fueron reelegidos como vicepresidenta, la rectora de la Universidad del Valle de Atemajac (UNIVA) campus La Piedad, Natalia Salinas Bravo, y como tesorero, el rector [&hellip;]<\/p>\n","protected":false},"author":2,"featured_media":49098,"comment_status":"open","ping_status":"open","sticky":false,"template":"","format":"standard","meta":{"om_disable_all_campaigns":false,"_monsterinsights_skip_tracking":false,"_monsterinsights_sitenote_active":false,"_monsterinsights_sitenote_note":"","_monsterinsights_sitenote_category":0,"_uf_show_specific_survey":0,"_uf_disable_surveys":false,"_jetpack_memberships_contains_paid_content":false,"footnotes":"","jetpack_publicize_message":"Ratifican a Yarab\u00ed \u00c1vila Gonz\u00e1lez en la presidencia de la Red Juntos por Michoac\u00e1n","jetpack_publicize_feature_enabled":true,"jetpack_social_post_already_shared":true,"jetpack_social_options":{"image_generator_settings":{"template":"highway","default_image_id":0,"enabled":false},"version":2}},"categories":[22],"tags":[],"class_list":{"0":"post-49097","1":"post","2":"type-post","3":"status-publish","4":"format-standard","5":"has-post-thumbnail","7":"category-educacion"},"aioseo_notices":[],"jetpack_publicize_connections":[],"jetpack_featured_media_url":"https:\/\/mediagroup.mx\/wp-content\/uploads\/2023\/09\/f0261747-a3ef-4b82-b79f-c26015ecefe9.jpeg","jetpack_sharing_enabled":true,"_links":{"self":[{"href":"https:\/\/mediagroup.mx\/index.php\/wp-json\/wp\/v2\/posts\/49097","targetHints":{"allow":["GET"]}}],"collection":[{"href":"https:\/\/mediagroup.mx\/index.php\/wp-json\/wp\/v2\/posts"}],"about":[{"href":"https:\/\/mediagroup.mx\/index.php\/wp-json\/wp\/v2\/types\/post"}],"author":[{"embeddable":true,"href":"https:\/\/mediagroup.mx\/index.php\/wp-json\/wp\/v2\/users\/2"}],"replies":[{"embeddable":true,"href":"https:\/\/mediagroup.mx\/index.php\/wp-json\/wp\/v2\/comments?post=49097"}],"version-history":[{"count":1,"href":"https:\/\/mediagroup.mx\/index.php\/wp-json\/wp\/v2\/posts\/49097\/revisions"}],"predecessor-version":[{"id":49099,"href":"https:\/\/mediagroup.mx\/index.php\/wp-json\/wp\/v2\/posts\/49097\/revisions\/49099"}],"wp:featuredmedia":[{"embeddable":true,"href":"https:\/\/mediagroup.mx\/index.php\/wp-json\/wp\/v2\/media\/49098"}],"wp:attachment":[{"href":"https:\/\/mediagroup.mx\/index.php\/wp-json\/wp\/v2\/media?parent=49097"}],"wp:term":[{"taxonomy":"category","embeddable":true,"href":"https:\/\/mediagroup.mx\/index.php\/wp-json\/wp\/v2\/categories?post=49097"},{"taxonomy":"post_tag","embeddable":true,"href":"https:\/\/mediagroup.mx\/index.php\/wp-json\/wp\/v2\/tags?post=49097"}],"curies":[{"name":"wp","href":"https:\/\/api.w.org\/{rel}","templated":true}]}}