{"id":49106,"date":"2023-09-08T00:46:05","date_gmt":"2023-09-08T00:46:05","guid":{"rendered":"https:\/\/mediagroup.mx\/?p=49106"},"modified":"2023-09-08T00:46:05","modified_gmt":"2023-09-08T00:46:05","slug":"entrega-comision-legislativa-de-proteccion-de-la-ninez-y-la-adolescencia-2do-informe-de-actividades","status":"publish","type":"post","link":"https:\/\/mediagroup.mx\/index.php\/2023\/09\/08\/entrega-comision-legislativa-de-proteccion-de-la-ninez-y-la-adolescencia-2do-informe-de-actividades\/","title":{"rendered":"Entrega Comisi\u00f3n legislativa de Protecci\u00f3n de la Ni\u00f1ez y la Adolescencia 2do informe de actividades"},"content":{"rendered":"<p>Las diputadas Adriana Hern\u00e1ndez \u00cd\u00f1iguez, Guadalupe D\u00edaz Chagolla e Ivonne Pantoja Abascal, entregaron a la Presidencia del Congreso del Estado el informe anual de actividades de la Comisi\u00f3n de Protecci\u00f3n de la Ni\u00f1ez y la Adolescencia, correspondiente al segundo periodo legislativo, cumpliendo as\u00ed a cabalidad con la normatividad.<\/p>\n<p>El informe est\u00e1 conformado por las actividades de la Comisi\u00f3n en materia de promoci\u00f3n, defensa y preservaci\u00f3n de los Derechos de Ni\u00f1as, Ni\u00f1os y Adolescentes; as\u00ed como el avance del cumplimiento del programa de trabajo. Y destaca la iniciativa para la creaci\u00f3n del Centro de Justicia de Protecci\u00f3n a la Ni\u00f1ez y la Adolescencia en el estado y la firma de un convenio de colaboraci\u00f3n con el Fondo de las Naciones Unidas para la Infancia (UNICEF), logrando as\u00ed que el Congreso de Michoac\u00e1n, sea el primero en el pa\u00eds en trabajar con UNICEF.<\/p>\n<p>\u201cAvanzar en materia de protecci\u00f3n de Derechos de Ni\u00f1as, Ni\u00f1os y Adolescentes, es y sigue siendo un compromiso para quienes integramos esta Comisi\u00f3n, y gracias a esta visi\u00f3n hemos logrado incorporar la perspectiva de ni\u00f1ez en cada una de las reformas trabajadas, adem\u00e1s de siempre incluir la mirada de los est\u00e1ndares internacionales\u201d, se\u00f1al\u00f3 la diputada y presidenta de esta Comisi\u00f3n, Adriana Hern\u00e1ndez \u00cd\u00f1iguez.<\/p>\n<p>Por lo que respecta a los asuntos dictaminados y atendidos, se inform\u00f3 que durante el segundo a\u00f1o legislativo fueron turnadas un total de 29 iniciativas con proyecto de decreto, de las cuales se han dictaminado 10; adem\u00e1s se llevaron a cabo 35 mesas t\u00e9cnicas para el an\u00e1lisis de diversas iniciativas, 12 de ellas con asesores de diversas comisiones. Y se atendieron dos mesas de trabajo con el organismo internacional UNICEF.<\/p>\n<p>\u201cSeguiremos trabajando para garantizar la especializaci\u00f3n del trabajo legislativo para prevenir, atender y sancionar todas las formas de violencia que se cometen en contra de la ni\u00f1ez y la adolescencia\u201d, apunt\u00f3 Hern\u00e1ndez \u00cd\u00f1iguez.<\/p>\n<p>Las legisladoras reconocieron que es necesario seguir trabajando con paso firme para garantizar a ni\u00f1as, ni\u00f1os y adolescentes su protecci\u00f3n integral.<\/p>\n","protected":false},"excerpt":{"rendered":"<p>Las diputadas Adriana Hern\u00e1ndez \u00cd\u00f1iguez, Guadalupe D\u00edaz Chagolla e Ivonne Pantoja Abascal, entregaron a la Presidencia del Congreso del Estado el informe anual de actividades de la Comisi\u00f3n de Protecci\u00f3n de la Ni\u00f1ez y la Adolescencia, correspondiente al segundo periodo legislativo, cumpliendo as\u00ed a cabalidad con la normatividad. El informe est\u00e1 conformado por las actividades [&hellip;]<\/p>\n","protected":false},"author":2,"featured_media":49107,"comment_status":"open","ping_status":"open","sticky":false,"template":"","format":"standard","meta":{"om_disable_all_campaigns":false,"_monsterinsights_skip_tracking":false,"_monsterinsights_sitenote_active":false,"_monsterinsights_sitenote_note":"","_monsterinsights_sitenote_category":0,"_uf_show_specific_survey":0,"_uf_disable_surveys":false,"_jetpack_memberships_contains_paid_content":false,"footnotes":"","jetpack_publicize_message":"Entrega Comisi\u00f3n legislativa de Protecci\u00f3n de la Ni\u00f1ez y la Adolescencia 2do informe de actividades","jetpack_publicize_feature_enabled":true,"jetpack_social_post_already_shared":true,"jetpack_social_options":{"image_generator_settings":{"template":"highway","default_image_id":0,"enabled":false},"version":2}},"categories":[15],"tags":[],"class_list":{"0":"post-49106","1":"post","2":"type-post","3":"status-publish","4":"format-standard","5":"has-post-thumbnail","7":"category-michoacan"},"aioseo_notices":[],"jetpack_publicize_connections":[],"jetpack_featured_media_url":"https:\/\/mediagroup.mx\/wp-content\/uploads\/2023\/09\/IMG_2135.jpeg","jetpack_sharing_enabled":true,"_links":{"self":[{"href":"https:\/\/mediagroup.mx\/index.php\/wp-json\/wp\/v2\/posts\/49106","targetHints":{"allow":["GET"]}}],"collection":[{"href":"https:\/\/mediagroup.mx\/index.php\/wp-json\/wp\/v2\/posts"}],"about":[{"href":"https:\/\/mediagroup.mx\/index.php\/wp-json\/wp\/v2\/types\/post"}],"author":[{"embeddable":true,"href":"https:\/\/mediagroup.mx\/index.php\/wp-json\/wp\/v2\/users\/2"}],"replies":[{"embeddable":true,"href":"https:\/\/mediagroup.mx\/index.php\/wp-json\/wp\/v2\/comments?post=49106"}],"version-history":[{"count":1,"href":"https:\/\/mediagroup.mx\/index.php\/wp-json\/wp\/v2\/posts\/49106\/revisions"}],"predecessor-version":[{"id":49108,"href":"https:\/\/mediagroup.mx\/index.php\/wp-json\/wp\/v2\/posts\/49106\/revisions\/49108"}],"wp:featuredmedia":[{"embeddable":true,"href":"https:\/\/mediagroup.mx\/index.php\/wp-json\/wp\/v2\/media\/49107"}],"wp:attachment":[{"href":"https:\/\/mediagroup.mx\/index.php\/wp-json\/wp\/v2\/media?parent=49106"}],"wp:term":[{"taxonomy":"category","embeddable":true,"href":"https:\/\/mediagroup.mx\/index.php\/wp-json\/wp\/v2\/categories?post=49106"},{"taxonomy":"post_tag","embeddable":true,"href":"https:\/\/mediagroup.mx\/index.php\/wp-json\/wp\/v2\/tags?post=49106"}],"curies":[{"name":"wp","href":"https:\/\/api.w.org\/{rel}","templated":true}]}}