{"id":49115,"date":"2023-09-08T02:01:04","date_gmt":"2023-09-08T02:01:04","guid":{"rendered":"https:\/\/mediagroup.mx\/?p=49115"},"modified":"2023-09-08T02:01:04","modified_gmt":"2023-09-08T02:01:04","slug":"separan-a-cinco-elementos-de-la-guardia-civil-por-agredir-a-joven-en-morelia","status":"publish","type":"post","link":"https:\/\/mediagroup.mx\/index.php\/2023\/09\/08\/separan-a-cinco-elementos-de-la-guardia-civil-por-agredir-a-joven-en-morelia\/","title":{"rendered":"Separan a cinco elementos de la Guardia Civil por agredir a joven en Morelia"},"content":{"rendered":"<p>La Secretar\u00eda de Seguridad P\u00fablica (SSP), separ\u00f3 del cargo a cinco elementos de la Guardia Civil relacionados a la agresi\u00f3n contra un joven, y la cual fue registrada mientras ocurr\u00eda en el Jard\u00edn La Soterra\u00f1a, en Morelia.<\/p>\n<p>De acuerdo con el titular de la SSP, Jos\u00e9 Alfredo Ortega Reyes, los elementos ya fueron separados de su cargo y presentados ante la Fiscal\u00eda General del Estado para las actuaciones correspondientes y deslindar responsabilidades.<\/p>\n<p>Cabe mencionar que en este caso, los hechos se conocieron a trav\u00e9s de un video donde se observa a los agentes de la Guardia Civil, revisar a un joven a qui\u00e9n presuntamente roban sus pertenencias, para posteriormente, marcharse a bordo de una patrulla y lo que provoc\u00f3 su atropellamiento y la p\u00e9rdida de una extremidad, sin embargo, este no es el primer abuso presuntamente cometido por polic\u00edas estatales que se denuncia en las redes sociales.<\/p>\n<p>&nbsp;<\/p>\n<p>Por: Oscar Mendoza<\/p>\n","protected":false},"excerpt":{"rendered":"<p>La Secretar\u00eda de Seguridad P\u00fablica (SSP), separ\u00f3 del cargo a cinco elementos de la Guardia Civil relacionados a la agresi\u00f3n contra un joven, y la cual fue registrada mientras ocurr\u00eda en el Jard\u00edn La Soterra\u00f1a, en Morelia. De acuerdo con el titular de la SSP, Jos\u00e9 Alfredo Ortega Reyes, los elementos ya fueron separados de [&hellip;]<\/p>\n","protected":false},"author":2,"featured_media":49116,"comment_status":"open","ping_status":"open","sticky":false,"template":"","format":"standard","meta":{"om_disable_all_campaigns":false,"_monsterinsights_skip_tracking":false,"_monsterinsights_sitenote_active":false,"_monsterinsights_sitenote_note":"","_monsterinsights_sitenote_category":0,"_uf_show_specific_survey":0,"_uf_disable_surveys":false,"_jetpack_memberships_contains_paid_content":false,"footnotes":"","jetpack_publicize_message":"Separan a cinco elementos de la Guardia Civil por agredir a joven en Morelia","jetpack_publicize_feature_enabled":true,"jetpack_social_post_already_shared":true,"jetpack_social_options":{"image_generator_settings":{"template":"highway","default_image_id":0,"enabled":false},"version":2}},"categories":[24,16],"tags":[],"class_list":{"0":"post-49115","1":"post","2":"type-post","3":"status-publish","4":"format-standard","5":"has-post-thumbnail","7":"category-seguridad","8":"category-viral"},"aioseo_notices":[],"jetpack_publicize_connections":[],"jetpack_featured_media_url":"https:\/\/mediagroup.mx\/wp-content\/uploads\/2023\/09\/9ccfeaeb-96c8-4df7-b18c-6098611784cf.jpeg","jetpack_sharing_enabled":true,"_links":{"self":[{"href":"https:\/\/mediagroup.mx\/index.php\/wp-json\/wp\/v2\/posts\/49115","targetHints":{"allow":["GET"]}}],"collection":[{"href":"https:\/\/mediagroup.mx\/index.php\/wp-json\/wp\/v2\/posts"}],"about":[{"href":"https:\/\/mediagroup.mx\/index.php\/wp-json\/wp\/v2\/types\/post"}],"author":[{"embeddable":true,"href":"https:\/\/mediagroup.mx\/index.php\/wp-json\/wp\/v2\/users\/2"}],"replies":[{"embeddable":true,"href":"https:\/\/mediagroup.mx\/index.php\/wp-json\/wp\/v2\/comments?post=49115"}],"version-history":[{"count":1,"href":"https:\/\/mediagroup.mx\/index.php\/wp-json\/wp\/v2\/posts\/49115\/revisions"}],"predecessor-version":[{"id":49117,"href":"https:\/\/mediagroup.mx\/index.php\/wp-json\/wp\/v2\/posts\/49115\/revisions\/49117"}],"wp:featuredmedia":[{"embeddable":true,"href":"https:\/\/mediagroup.mx\/index.php\/wp-json\/wp\/v2\/media\/49116"}],"wp:attachment":[{"href":"https:\/\/mediagroup.mx\/index.php\/wp-json\/wp\/v2\/media?parent=49115"}],"wp:term":[{"taxonomy":"category","embeddable":true,"href":"https:\/\/mediagroup.mx\/index.php\/wp-json\/wp\/v2\/categories?post=49115"},{"taxonomy":"post_tag","embeddable":true,"href":"https:\/\/mediagroup.mx\/index.php\/wp-json\/wp\/v2\/tags?post=49115"}],"curies":[{"name":"wp","href":"https:\/\/api.w.org\/{rel}","templated":true}]}}