{"id":49212,"date":"2023-09-12T22:50:20","date_gmt":"2023-09-12T22:50:20","guid":{"rendered":"https:\/\/mediagroup.mx\/?p=49212"},"modified":"2023-09-12T22:50:20","modified_gmt":"2023-09-12T22:50:20","slug":"umsnh-aportara-sus-conocimientos-para-impulsar-estrategia-contra-el-cambio-climatico","status":"publish","type":"post","link":"https:\/\/mediagroup.mx\/index.php\/2023\/09\/12\/umsnh-aportara-sus-conocimientos-para-impulsar-estrategia-contra-el-cambio-climatico\/","title":{"rendered":"UMSNH aportar\u00e1 sus conocimientos para impulsar estrategia contra el cambio clim\u00e1tico"},"content":{"rendered":"<p>Con el prop\u00f3sito de presentar, analizar y debatir las experiencias y avances del quehacer acad\u00e9mico y cient\u00edfico sobre la conservaci\u00f3n y el manejo de los recursos naturales y en el marco de su XXVIII aniversario, el Instituto de Investigaciones sobre los Recursos Naturales (INIRENA) de la Universidad Michoacana de San Nicol\u00e1s de Hidalgo (UMSNH), realizar\u00e1 del 18 al 23 de septiembre el Primer Congreso Internacional sobre Conservaci\u00f3n y Manejo de Recursos Naturales.<\/p>\n<p>En rueda de prensa realizada en el Centro de Informaci\u00f3n Arte y Cultura (CIAC), la directora del INIRENA, Laura Leticia Padilla Gil, se\u00f1al\u00f3 que para el Instituto es muy importante la realizaci\u00f3n de dicha actividad, pues muestra \u201cuno de los compromisos que tenemos como instituci\u00f3n y con nuestro medio ambiente\u201d, por lo que destac\u00f3 que es fundamental generar estos espacios en donde se puedan compartir las investigaciones que realizan.<\/p>\n<p>Acompa\u00f1ada por la presidenta del comit\u00e9 organizador, Catalina Rosas Monge, por el coordinador de difusi\u00f3n, Arturo Chac\u00f3n, as\u00ed como por la presidenta de Panorama Ambiental, Frida Sauno, la titular del INIRENA consider\u00f3 que el uso de los recursos naturales, su aprovechamiento y los efectos sobre el cambio clim\u00e1tico son definitivamente un impacto que parte de la mano del hombre, en ese sentido, explic\u00f3 que existe una creciente preocupaci\u00f3n en todo el mundo ante la p\u00e9rdida de la biodiversidad, el deterioro de los recursos naturales y la contaminaci\u00f3n ambiental, como resultado del incremento en el cambio de uso del suelo que provoca un avanzado deterioro de la calidad ambiental de los ecosistemas y el agotamiento de los recursos naturales.<\/p>\n<p>El Congreso se llevar\u00e1 cabo los d\u00edas 18 y 19 de septiembre con actividades de precongreso de manera virtual, para iniciar con las presenciales los d\u00edas 20, 21 y 22 de septiembre en el CIAC, aunado a las actividades acad\u00e9micas tambi\u00e9n se realizar\u00e1n eventos culturales en la parte final de la jornada en la que participar\u00e1n grupos musicales de la UMSNH, as\u00ed como un ballet folkl\u00f3rico.<\/p>\n<p>Rosas Monge se\u00f1al\u00f3 que, el evento con el que el INIRENA celebra un a\u00f1o m\u00e1s formando recursos humanos, generando y compartiendo conocimiento para la conservaci\u00f3n de la biodiversidad, la restauraci\u00f3n de los ecosistemas y el cuidado en general del medio ambiente, tendr\u00e1 como invitados a conferencistas magistrales, entre ellos a los doctores Horacio Merchant Larios, Omar Mancera Cerruti y V\u00edctor Manuel Toledo Manzur, profesores investigadores de la UNAM; Valentina Davydova, profesora investigadora de la Universidad de Guadalajara, y Robert Doyle, profesor de la Universidad de Baylor, Texas.<\/p>\n<p>Por su parte, el Coordinador de Difusi\u00f3n, Arturo Chac\u00f3n Torres mencion\u00f3 que al concluir el debate cient\u00edfico se concentrar\u00e1 toda la informaci\u00f3n y el conocimiento para transmitirlo a las y los servidores p\u00fablicos representantes de medio ambiente a fin de que pueda ser utilizado para la construcci\u00f3n de pol\u00edticas p\u00fablicas en materia ambiental.<\/p>\n<p>De igual forma, dijo que se abrir\u00e1 una convocatoria para seleccionar los mejores trabajos sobre conservaci\u00f3n y manejo de recursos naturales, para lo cual se conformar\u00e1 un comit\u00e9 editorial que ser\u00e1 el encargado de seleccionar y publicar el material el pr\u00f3ximo a\u00f1o.<\/p>\n<p>Por su parte, Frida Sauno agradeci\u00f3 al Comit\u00e9 Organizador la oportunidad de presentar como parte de las actividades del congreso la exposici\u00f3n \u201cUn llamado al cambio\u201d, como un espacio de divulgaci\u00f3n, de armon\u00eda y de comunicaci\u00f3n donde organizaciones civiles, acad\u00e9micas y otros actores importantes puedan mostrar lo que est\u00e1n trabajando en beneficio del medio ambiente, no s\u00f3lo desde la parte de la investigaci\u00f3n sino tambi\u00e9n desde la parte pr\u00e1ctica.<\/p>\n<p>Inform\u00f3 que la exposici\u00f3n se llevar\u00e1 a cabo el mi\u00e9rcoles 20 de septiembre, de las 9:00 a las 14:00 horas y contar\u00e1 con 16 participantes quienes de una forma m\u00e1s visual y gr\u00e1fica, con pl\u00e1ticas y maquetas explicar\u00e1n entre otras cosas la importancia del manejo integral de los recursos y como repercute en nuestra vida, es una actividad enfocada m\u00e1s hacia las y los estudiantes a fin de compartir las buenas pr\u00e1cticas, lo que se puede hacer y lo que est\u00e1 haciendo en el d\u00eda a d\u00eda.<\/p>\n","protected":false},"excerpt":{"rendered":"<p>Con el prop\u00f3sito de presentar, analizar y debatir las experiencias y avances del quehacer acad\u00e9mico y cient\u00edfico sobre la conservaci\u00f3n y el manejo de los recursos naturales y en el marco de su XXVIII aniversario, el Instituto de Investigaciones sobre los Recursos Naturales (INIRENA) de la Universidad Michoacana de San Nicol\u00e1s de Hidalgo (UMSNH), realizar\u00e1 [&hellip;]<\/p>\n","protected":false},"author":2,"featured_media":49213,"comment_status":"open","ping_status":"open","sticky":false,"template":"","format":"standard","meta":{"om_disable_all_campaigns":false,"_monsterinsights_skip_tracking":false,"_monsterinsights_sitenote_active":false,"_monsterinsights_sitenote_note":"","_monsterinsights_sitenote_category":0,"_uf_show_specific_survey":0,"_uf_disable_surveys":false,"_jetpack_memberships_contains_paid_content":false,"footnotes":"","jetpack_publicize_message":"UMSNH aportar\u00e1 sus conocimientos para impulsar estrategia contra el cambio clim\u00e1tico","jetpack_publicize_feature_enabled":true,"jetpack_social_post_already_shared":true,"jetpack_social_options":{"image_generator_settings":{"template":"highway","default_image_id":0,"enabled":false},"version":2}},"categories":[22],"tags":[],"class_list":{"0":"post-49212","1":"post","2":"type-post","3":"status-publish","4":"format-standard","5":"has-post-thumbnail","7":"category-educacion"},"aioseo_notices":[],"jetpack_publicize_connections":[],"jetpack_featured_media_url":"https:\/\/mediagroup.mx\/wp-content\/uploads\/2023\/09\/67a531a5-3047-4fe6-9923-30eed9289b54.jpeg","jetpack_sharing_enabled":true,"_links":{"self":[{"href":"https:\/\/mediagroup.mx\/index.php\/wp-json\/wp\/v2\/posts\/49212","targetHints":{"allow":["GET"]}}],"collection":[{"href":"https:\/\/mediagroup.mx\/index.php\/wp-json\/wp\/v2\/posts"}],"about":[{"href":"https:\/\/mediagroup.mx\/index.php\/wp-json\/wp\/v2\/types\/post"}],"author":[{"embeddable":true,"href":"https:\/\/mediagroup.mx\/index.php\/wp-json\/wp\/v2\/users\/2"}],"replies":[{"embeddable":true,"href":"https:\/\/mediagroup.mx\/index.php\/wp-json\/wp\/v2\/comments?post=49212"}],"version-history":[{"count":1,"href":"https:\/\/mediagroup.mx\/index.php\/wp-json\/wp\/v2\/posts\/49212\/revisions"}],"predecessor-version":[{"id":49214,"href":"https:\/\/mediagroup.mx\/index.php\/wp-json\/wp\/v2\/posts\/49212\/revisions\/49214"}],"wp:featuredmedia":[{"embeddable":true,"href":"https:\/\/mediagroup.mx\/index.php\/wp-json\/wp\/v2\/media\/49213"}],"wp:attachment":[{"href":"https:\/\/mediagroup.mx\/index.php\/wp-json\/wp\/v2\/media?parent=49212"}],"wp:term":[{"taxonomy":"category","embeddable":true,"href":"https:\/\/mediagroup.mx\/index.php\/wp-json\/wp\/v2\/categories?post=49212"},{"taxonomy":"post_tag","embeddable":true,"href":"https:\/\/mediagroup.mx\/index.php\/wp-json\/wp\/v2\/tags?post=49212"}],"curies":[{"name":"wp","href":"https:\/\/api.w.org\/{rel}","templated":true}]}}