{"id":49218,"date":"2023-09-12T23:22:30","date_gmt":"2023-09-12T23:22:30","guid":{"rendered":"https:\/\/mediagroup.mx\/?p=49218"},"modified":"2023-09-12T23:22:30","modified_gmt":"2023-09-12T23:22:30","slug":"presentacion-iphone-15-precios-caracteristicas-y-fechas-del-iphone-15-pro-y-apple-watch-ultra-2","status":"publish","type":"post","link":"https:\/\/mediagroup.mx\/index.php\/2023\/09\/12\/presentacion-iphone-15-precios-caracteristicas-y-fechas-del-iphone-15-pro-y-apple-watch-ultra-2\/","title":{"rendered":"Presentaci\u00f3n iPhone 15: precios, caracter\u00edsticas y fechas del iPhone 15 Pro y Apple Watch Ultra 2"},"content":{"rendered":"<ul class=\"mod__timeline mod__timeline--aside\">\n<li class=\"mod__timeline__li\">Apple present\u00f3 el nuevo iPhone 15, en su evento de actualizaci\u00f3n de productos \u00abWonderlust\u00bb en California este martes.<\/li>\n<li class=\"mod__timeline__li\">La compa\u00f1\u00eda elimin\u00f3 el puerto de carga Lightning en la nueva l\u00ednea de tel\u00e9fonos y ahora tendr\u00e1 el sistema USB-C m\u00e1s universal.<\/li>\n<li class=\"mod__timeline__li\">El cambio en los cargadores tiene como objetivo ayudar a reducir los desechos electr\u00f3nicos y eliminar la confusi\u00f3n de los consumidores.<\/li>\n<li>No es solo el iPhone: Apple ha comenzado a vender modelos de segunda generaci\u00f3n de los AirPods Pro compatibles con un estuche de carga alimentado por USB-C.\n<p data-_get-element-size=\"{&quot;w&quot;:325,&quot;h&quot;:78}\">Estaban disponibles para pedidos en l\u00ednea este martes y estar\u00e1n disponibles en las tiendas a partir del 22 de septiembre.<\/p>\n<\/li>\n<li>Apple llev\u00f3 a cabo este martes su\u00a0<a href=\"https:\/\/cnnespanol.cnn.com\/2023\/09\/12\/presentacion-nuevo-iphone-15-en-vivo-orix-ultima-hora-del-evento-de-apple\/\" target=\"_blank\" rel=\"noopener\">evento anual de oto\u00f1o<\/a>, que llev\u00f3 el eslogan de \u00abWonderlust\u00bb, y present\u00f3 sus nuevos dispositivos, donde el protagonista, como dicta la costumbre, fue el iPhone.\n<p data-_get-element-size=\"{&quot;w&quot;:325,&quot;h&quot;:156}\"><span id=\"more-1451386\"><\/span>La empresa dirigida por Tim Cook dio a conocer los nuevos iPhone 15, iPhone 15 Plus, iPhone 15 Pro y iPhone 15 Pro Max, siguiendo la misma l\u00ednea del a\u00f1o pasado de presentar cuatro nuevos modelos de su smartphone insignia.<\/p>\n<p data-_get-element-size=\"{&quot;w&quot;:325,&quot;h&quot;:130}\">Si vas a cambiar de iPhone y no sabes si arriesgarte por alguno de los nuevos 15 o ir por un iPhone 14 del a\u00f1o pasado, aqu\u00ed te dejamos las caracter\u00edsticas m\u00e1s importantes para que decidas mejor.<\/p>\n<\/li>\n<\/ul>\n<h2>iPhone 15: lo m\u00e1s nuevo de Apple<\/h2>\n<p>Para que puedas comparar ambas l\u00edneas de smartphones, aqu\u00ed te dejamos las caracter\u00edsticas m\u00e1s relevantes de los nuevos iPhone 15.<\/p>\n<ul data-_get-element-size=\"{&quot;w&quot;:305,&quot;h&quot;:380}\">\n<li>La nueva l\u00ednea de iPhone repite con cuatro modelos: iPhone 15, iPhone 15 Plus, iPhone 15 Pro y iPhone 15 Pro Max.<\/li>\n<li>Los modelos 15 y 15 Plus ahora incluyen la funciones \u00abDynamic Island\u00bb y \u00abEmergencia SOS v\u00eda Sat\u00e9lite\u00bb que antes solo estaban para la l\u00ednea 14 Pro.<\/li>\n<li>El iPhone 15 y el iPhone 15 Plus tienen un sistema de dos c\u00e1maras como sus predecesores. La diferencia m\u00e1s notable es que la c\u00e1mara principal de los dos nuevos es de 48 MP y permiten tomas de alta resoluci\u00f3n en distancias focales de 24, 28 y 35 mil\u00edmetros. La otra c\u00e1mara es una ultra gran angular de 12 MP.<\/li>\n<\/ul>\n<p>Con informaci\u00f3n de: CNN<\/p>\n<p>&nbsp;<\/p>\n","protected":false},"excerpt":{"rendered":"<p>Apple present\u00f3 el nuevo iPhone 15, en su evento de actualizaci\u00f3n de productos \u00abWonderlust\u00bb en California este martes. La compa\u00f1\u00eda elimin\u00f3 el puerto de carga Lightning en la nueva l\u00ednea de tel\u00e9fonos y ahora tendr\u00e1 el sistema USB-C m\u00e1s universal. El cambio en los cargadores tiene como objetivo ayudar a reducir los desechos electr\u00f3nicos y [&hellip;]<\/p>\n","protected":false},"author":2,"featured_media":49219,"comment_status":"open","ping_status":"open","sticky":false,"template":"","format":"standard","meta":{"om_disable_all_campaigns":false,"_monsterinsights_skip_tracking":false,"_monsterinsights_sitenote_active":false,"_monsterinsights_sitenote_note":"","_monsterinsights_sitenote_category":0,"_uf_show_specific_survey":0,"_uf_disable_surveys":false,"_jetpack_memberships_contains_paid_content":false,"footnotes":"","jetpack_publicize_message":"As\u00ed fue la presentaci\u00f3n del nuevo iPhone 15","jetpack_publicize_feature_enabled":true,"jetpack_social_post_already_shared":true,"jetpack_social_options":{"image_generator_settings":{"template":"highway","default_image_id":0,"enabled":false},"version":2}},"categories":[16],"tags":[],"class_list":{"0":"post-49218","1":"post","2":"type-post","3":"status-publish","4":"format-standard","5":"has-post-thumbnail","7":"category-viral"},"aioseo_notices":[],"jetpack_publicize_connections":[],"jetpack_featured_media_url":"https:\/\/mediagroup.mx\/wp-content\/uploads\/2023\/09\/IMG_2437.jpeg","jetpack_sharing_enabled":true,"_links":{"self":[{"href":"https:\/\/mediagroup.mx\/index.php\/wp-json\/wp\/v2\/posts\/49218","targetHints":{"allow":["GET"]}}],"collection":[{"href":"https:\/\/mediagroup.mx\/index.php\/wp-json\/wp\/v2\/posts"}],"about":[{"href":"https:\/\/mediagroup.mx\/index.php\/wp-json\/wp\/v2\/types\/post"}],"author":[{"embeddable":true,"href":"https:\/\/mediagroup.mx\/index.php\/wp-json\/wp\/v2\/users\/2"}],"replies":[{"embeddable":true,"href":"https:\/\/mediagroup.mx\/index.php\/wp-json\/wp\/v2\/comments?post=49218"}],"version-history":[{"count":1,"href":"https:\/\/mediagroup.mx\/index.php\/wp-json\/wp\/v2\/posts\/49218\/revisions"}],"predecessor-version":[{"id":49220,"href":"https:\/\/mediagroup.mx\/index.php\/wp-json\/wp\/v2\/posts\/49218\/revisions\/49220"}],"wp:featuredmedia":[{"embeddable":true,"href":"https:\/\/mediagroup.mx\/index.php\/wp-json\/wp\/v2\/media\/49219"}],"wp:attachment":[{"href":"https:\/\/mediagroup.mx\/index.php\/wp-json\/wp\/v2\/media?parent=49218"}],"wp:term":[{"taxonomy":"category","embeddable":true,"href":"https:\/\/mediagroup.mx\/index.php\/wp-json\/wp\/v2\/categories?post=49218"},{"taxonomy":"post_tag","embeddable":true,"href":"https:\/\/mediagroup.mx\/index.php\/wp-json\/wp\/v2\/tags?post=49218"}],"curies":[{"name":"wp","href":"https:\/\/api.w.org\/{rel}","templated":true}]}}