{"id":49230,"date":"2023-09-13T16:58:31","date_gmt":"2023-09-13T16:58:31","guid":{"rendered":"https:\/\/mediagroup.mx\/?p=49230"},"modified":"2023-09-13T16:58:31","modified_gmt":"2023-09-13T16:58:31","slug":"75-legislatura-se-fortalece-en-materia-de-transparencia","status":"publish","type":"post","link":"https:\/\/mediagroup.mx\/index.php\/2023\/09\/13\/75-legislatura-se-fortalece-en-materia-de-transparencia\/","title":{"rendered":"75 Legislatura se fortalece en materia de transparencia"},"content":{"rendered":"<p style=\"text-align: justify;\">La transparencia es un eje fundamental en el funcionamiento de las instituciones p\u00fablicas; de ah\u00ed la importancia de garantizar una capacitaci\u00f3n permanente en la materia, tal y como lo ha impulsado la 75 Legislatura en Michoac\u00e1n.<\/p>\n<p style=\"text-align: justify;\">En este marco, el Instituto Michoacano de Transparencia, Acceso a la Informaci\u00f3n y Protecci\u00f3n de Datos Personales (IMAIP) a trav\u00e9s del Comit\u00e9 de Transparencia y Acceso a la Informaci\u00f3n del Congreso del Estado, ofreci\u00f3 una capacitaci\u00f3n a las y los trabajadores del Legislativo en materia de clasificaci\u00f3n de la informaci\u00f3n, reservada y confidencial; prueba de da\u00f1o y prueba de inter\u00e9s p\u00fablico.<\/p>\n<p style=\"text-align: justify;\">La diputada Liz Alejandra Hern\u00e1ndez Morales, presidenta del Comit\u00e9 de Transparencia y Acceso a la Informaci\u00f3n, manifest\u00f3 que se ha trabajado en conjunto con la Coordinaci\u00f3n de Transparencia y Acceso a la Informaci\u00f3n de este Poder Legislativo, para que el Congreso del Estado sea un sujeto obligado, comprometido con la materia.<\/p>\n<p style=\"text-align: justify;\">\u201cTrabajamos para que este Congreso sea vanguardista y que siempre tenga su informaci\u00f3n en tiempo y forma en la plataforma de transparencia y vamos a buscar que existan las condiciones de transparencia para que la ciudadan\u00eda pueda revisar el trabajo que aqu\u00ed se realiza y que sepa c\u00f3mo se gasta su dinero\u201d, asever\u00f3.<\/p>\n<p style=\"text-align: justify;\">La legisladora local agradeci\u00f3 a V\u00edctor Alfonso Cruz Ricardo, subdirector de Protecci\u00f3n de Datos Personales del IMAIP, por la capacitaci\u00f3n brindada y por su esfuerzo para lograr un Michoac\u00e1n m\u00e1s transparente.<\/p>\n<p style=\"text-align: justify;\">Por su parte, la coordinadora de Transparencia y Acceso a la Informaci\u00f3n de este Congreso del Estado, Carina de Jes\u00fas Garc\u00eda Campos, asegur\u00f3 que este tipo de capacitaciones ser\u00e1n bienvenidas, toda vez que coadyuvan a que el Poder Legislativo en Michoac\u00e1n cumpla con lo que establece la norma y sea un ente transparente a la poblaci\u00f3n.<\/p>\n<p style=\"text-align: justify;\">En su intervenci\u00f3n, Ruth Noem\u00ed Espinoza P\u00e9rez, Comisionada del IMAIP, destac\u00f3 que la 75 legislatura ha impulsado de manera decidida la transparencia. Adem\u00e1s, dijo que este tipo de capacitaciones sirven para que las y los trabajadores tengan un conocimiento s\u00f3lido en cuanto al tema de la clasificaci\u00f3n y desclasificaci\u00f3n de la informaci\u00f3n.<\/p>\n<p style=\"text-align: justify;\">En esta capacitaci\u00f3n tambi\u00e9n estuvo presente el diputado J. Jes\u00fas Hern\u00e1ndez Pe\u00f1a, integrante del Comit\u00e9 de Transparencia y Acceso a la Informaci\u00f3n, as\u00ed como la diputada Gloria del Carmen Tapia Reyes.<\/p>\n","protected":false},"excerpt":{"rendered":"<p>La transparencia es un eje fundamental en el funcionamiento de las instituciones p\u00fablicas; de ah\u00ed la importancia de garantizar una capacitaci\u00f3n permanente en la materia, tal y como lo ha impulsado la 75 Legislatura en Michoac\u00e1n. En este marco, el Instituto Michoacano de Transparencia, Acceso a la Informaci\u00f3n y Protecci\u00f3n de Datos Personales (IMAIP) a [&hellip;]<\/p>\n","protected":false},"author":2,"featured_media":49231,"comment_status":"open","ping_status":"open","sticky":false,"template":"","format":"standard","meta":{"om_disable_all_campaigns":false,"_monsterinsights_skip_tracking":false,"_monsterinsights_sitenote_active":false,"_monsterinsights_sitenote_note":"","_monsterinsights_sitenote_category":0,"_uf_show_specific_survey":0,"_uf_disable_surveys":false,"_jetpack_memberships_contains_paid_content":false,"footnotes":"","jetpack_publicize_message":"75 Legislatura se fortalece en materia de transparencia","jetpack_publicize_feature_enabled":true,"jetpack_social_post_already_shared":true,"jetpack_social_options":{"image_generator_settings":{"template":"highway","default_image_id":0,"enabled":false},"version":2}},"categories":[15],"tags":[],"class_list":{"0":"post-49230","1":"post","2":"type-post","3":"status-publish","4":"format-standard","5":"has-post-thumbnail","7":"category-michoacan"},"aioseo_notices":[],"jetpack_publicize_connections":[],"jetpack_featured_media_url":"https:\/\/mediagroup.mx\/wp-content\/uploads\/2023\/09\/WhatsApp-Image-2023-09-12-at-7.39.43-PM.jpeg","jetpack_sharing_enabled":true,"_links":{"self":[{"href":"https:\/\/mediagroup.mx\/index.php\/wp-json\/wp\/v2\/posts\/49230","targetHints":{"allow":["GET"]}}],"collection":[{"href":"https:\/\/mediagroup.mx\/index.php\/wp-json\/wp\/v2\/posts"}],"about":[{"href":"https:\/\/mediagroup.mx\/index.php\/wp-json\/wp\/v2\/types\/post"}],"author":[{"embeddable":true,"href":"https:\/\/mediagroup.mx\/index.php\/wp-json\/wp\/v2\/users\/2"}],"replies":[{"embeddable":true,"href":"https:\/\/mediagroup.mx\/index.php\/wp-json\/wp\/v2\/comments?post=49230"}],"version-history":[{"count":1,"href":"https:\/\/mediagroup.mx\/index.php\/wp-json\/wp\/v2\/posts\/49230\/revisions"}],"predecessor-version":[{"id":49232,"href":"https:\/\/mediagroup.mx\/index.php\/wp-json\/wp\/v2\/posts\/49230\/revisions\/49232"}],"wp:featuredmedia":[{"embeddable":true,"href":"https:\/\/mediagroup.mx\/index.php\/wp-json\/wp\/v2\/media\/49231"}],"wp:attachment":[{"href":"https:\/\/mediagroup.mx\/index.php\/wp-json\/wp\/v2\/media?parent=49230"}],"wp:term":[{"taxonomy":"category","embeddable":true,"href":"https:\/\/mediagroup.mx\/index.php\/wp-json\/wp\/v2\/categories?post=49230"},{"taxonomy":"post_tag","embeddable":true,"href":"https:\/\/mediagroup.mx\/index.php\/wp-json\/wp\/v2\/tags?post=49230"}],"curies":[{"name":"wp","href":"https:\/\/api.w.org\/{rel}","templated":true}]}}